{"id":1270,"date":"2023-02-22T10:53:27","date_gmt":"2023-02-22T09:53:27","guid":{"rendered":"http:\/\/villeurbanne-insoumise-ensemble.fr\/?p=1270"},"modified":"2024-01-16T14:21:11","modified_gmt":"2024-01-16T13:21:11","slug":"voeu-contre-la-contre-reforme-des-retraites","status":"publish","type":"post","link":"https:\/\/villeurbanne-insoumise-ensemble.fr\/?p=1270","title":{"rendered":"V\u0153u contre la contre-r\u00e9forme des retraites"},"content":{"rendered":"\n<p><em>Par Morgane GUILLAS<\/em><\/p>\n\n\n\n<figure class=\"wp-block-embed is-type-video is-provider-youtube wp-block-embed-youtube wp-embed-aspect-16-9 wp-has-aspect-ratio\"><div class=\"wp-block-embed__wrapper\">\n<iframe loading=\"lazy\" title=\"Morgane GUILLAS - Voeu contre la contre r\u00e9forme des retraites\" width=\"640\" height=\"360\" src=\"https:\/\/www.youtube.com\/embed\/IJapJ29cX8A?feature=oembed\" frameborder=\"0\" allow=\"accelerometer; autoplay; clipboard-write; encrypted-media; gyroscope; picture-in-picture; web-share\" allowfullscreen><\/iframe>\n<\/div><\/figure>\n\n\n\n<p>Pour le pr\u00e9sident Macron et son gouvernement, le syst\u00e8me fran\u00e7ais des retraites par r\u00e9partition serait au bord du gouffre et n\u00e9cessiterait un report de l\u2019\u00e2ge de la retraite \u00e0 64 ans avec un allongement acc\u00e9l\u00e9r\u00e9 de la dur\u00e9e de cotisation pour assurer sa survie.<\/p>\n\n\n\n<p>Ces mesures sont injustifi\u00e9es. De nombreux \u00e9conomistes s\u2019\u00e9l\u00e8vent contre les cons\u00e9quences potentielles des mesures annonc\u00e9es et d\u00e9noncent l\u2019approche gouvernementale d\u2019une situation d\u00e9ficitaire structurelle des caisses de retraites ainsi que les solutions pr\u00e9conis\u00e9es.<\/p>\n\n\n\n<p>Tout d\u2019abord, cette r\u00e9forme frapperait de plein fouet l\u2019ensemble des travailleurs et travailleuses, et plus particuli\u00e8rement ceux qui ont commenc\u00e9 \u00e0 travailler t\u00f4t, dont la p\u00e9nibilit\u00e9 des m\u00e9tiers n&#8217;est plus reconnue et dont l&#8217;esp\u00e9rance de vie est inf\u00e9rieure au reste de la population, ainsi que les plus pr\u00e9caires. A Villeurbanne, ce sont plus de 32 000 employ\u00e9s et ouvriers qui souffriraient de l&#8217;allongement de la dur\u00e9e de cotisation. Cette r\u00e9forme impacterait y compris nos agents et agentes, notamment les plus de 1100 agents de cat\u00e9gorie C, qui commencent plus t\u00f4t leur carri\u00e8re. C&#8217;est particuli\u00e8rement vrai dans notre ville, o\u00f9 le nombre de personnes en restriction de t\u00e2ches ou en temps partiel th\u00e9rapeutique a fortement augment\u00e9 depuis trois ans, notamment chez les plus \u00e2g\u00e9es. Elles seront particuli\u00e8rement expos\u00e9es \u00e0 cette r\u00e9forme puisqu&#8217;elles ne pourront jamais travailler jusqu&#8217;\u00e0 leurs 64 ans. Quel est le sens de faire basculer leurs transferts sociaux des caisses de retraites vers celle de l&#8217;assurance maladie ?<\/p>\n\n\n\n<p>Cette r\u00e9forme aggraverait la pr\u00e9carit\u00e9 de celles et ceux qui sont d\u00e9j\u00e0 sans emploi avant leur retraite en allongeant leur temps pass\u00e9 aux minimas sociaux, et renforcerait les in\u00e9galit\u00e9s femmes-hommes puisqu&#8217;elles connaissent des carri\u00e8res plus morcel\u00e9es.<\/p>\n\n\n\n<p>En plus d\u2019\u00eatre brutale et inique, cette r\u00e9forme est injustifi\u00e9e. Le Conseil d\u2019Orientation des Retraites indique qu\u2019il n\u2019y a aucune urgence financi\u00e8re. D\u2019autres solutions existent pour consolider l&#8217;assise financi\u00e8re de notre syst\u00e8me, comme une remise en cause des baisses d\u2019imp\u00f4ts sur les grandes entreprises, une taxe de 2% sur la fortune des 42 milliardaires fran\u00e7ais, soit 12 milliards d\u2019euros annuels, comme le pr\u00e9conise Oxfam ; mieux partager la valeur vers le travail plut\u00f4t que vers le capital (en augmentant les salaires et non les dividendes) ; augmenter les cotisations patronales ; cr\u00e9er des emplois ; rehausser les salaires des femmes au m\u00eame niveau que celui des hommes. Toutes ces mesures seraient g\u00e9n\u00e9ratrices de nouvelles cotisations et donc ce nouvelles ressources. \u00c0 la place, le gouvernement pr\u00e9voit notamment la participation de la cotisation employeurs des collectivit\u00e9s \u00e0 hauteur de 500 millions d\u2019euros pour la CNRACL, une nouvelle ponction insupportable dans le budget des collectivit\u00e9s territoriales.<\/p>\n\n\n\n<p>Renforcer notre syst\u00e8me de retraites bas\u00e9 sur les principes d\u2019universalit\u00e9 et de solidarit\u00e9 n\u00e9cessite des mesures de progr\u00e8s et de partage des richesses. Gr\u00e2ce \u00e0 lui, l\u2019ensemble de la population a pu voir augmenter son esp\u00e9rance de vie en bonne sant\u00e9 et r\u00e9gresser fortement la mis\u00e8re chez les personnes \u00e2g\u00e9es. C\u2019est ce syst\u00e8me de retraites par r\u00e9partition, qui a fait ses preuves, que nous voulons pr\u00e9server.<\/p>\n\n\n\n<p>Pour toutes ces raisons, nous, \u00e9lus du Conseil municipal de Villeurbanne, demandons au gouvernement de retirer son projet de r\u00e9forme du syst\u00e8me des retraites et de chercher des solutions de financement bas\u00e9es sur nos id\u00e9aux r\u00e9publicains que sont l&#8217;\u00e9galit\u00e9 et la fraternit\u00e9.<\/p>\n","protected":false},"excerpt":{"rendered":"<p>Par Morgane GUILLAS Pour le pr\u00e9sident Macron et son gouvernement, le syst\u00e8me fran\u00e7ais des retraites par r\u00e9partition serait au bord du gouffre et n\u00e9cessiterait un report de l\u2019\u00e2ge de la retraite \u00e0 64 ans avec un allongement acc\u00e9l\u00e9r\u00e9 de la dur\u00e9e de cotisation pour assurer sa survie. Ces mesures sont injustifi\u00e9es. De nombreux \u00e9conomistes s\u2019\u00e9l\u00e8vent&#8230;<\/p>\n","protected":false},"author":1,"featured_media":0,"comment_status":"open","ping_status":"open","sticky":false,"template":"","format":"standard","meta":[],"categories":[190,7],"tags":[43,180],"_links":{"self":[{"href":"https:\/\/villeurbanne-insoumise-ensemble.fr\/index.php?rest_route=\/wp\/v2\/posts\/1270"}],"collection":[{"href":"https:\/\/villeurbanne-insoumise-ensemble.fr\/index.php?rest_route=\/wp\/v2\/posts"}],"about":[{"href":"https:\/\/villeurbanne-insoumise-ensemble.fr\/index.php?rest_route=\/wp\/v2\/types\/post"}],"author":[{"embeddable":true,"href":"https:\/\/villeurbanne-insoumise-ensemble.fr\/index.php?rest_route=\/wp\/v2\/users\/1"}],"replies":[{"embeddable":true,"href":"https:\/\/villeurbanne-insoumise-ensemble.fr\/index.php?rest_route=%2Fwp%2Fv2%2Fcomments&post=1270"}],"version-history":[{"count":2,"href":"https:\/\/villeurbanne-insoumise-ensemble.fr\/index.php?rest_route=\/wp\/v2\/posts\/1270\/revisions"}],"predecessor-version":[{"id":1277,"href":"https:\/\/villeurbanne-insoumise-ensemble.fr\/index.php?rest_route=\/wp\/v2\/posts\/1270\/revisions\/1277"}],"wp:attachment":[{"href":"https:\/\/villeurbanne-insoumise-ensemble.fr\/index.php?rest_route=%2Fwp%2Fv2%2Fmedia&parent=1270"}],"wp:term":[{"taxonomy":"category","embeddable":true,"href":"https:\/\/villeurbanne-insoumise-ensemble.fr\/index.php?rest_route=%2Fwp%2Fv2%2Fcategories&post=1270"},{"taxonomy":"post_tag","embeddable":true,"href":"https:\/\/villeurbanne-insoumise-ensemble.fr\/index.php?rest_route=%2Fwp%2Fv2%2Ftags&post=1270"}],"curies":[{"name":"wp","href":"https:\/\/api.w.org\/{rel}","templated":true}]}}