{"id":1266,"date":"2023-02-22T10:52:33","date_gmt":"2023-02-22T09:52:33","guid":{"rendered":"http:\/\/villeurbanne-insoumise-ensemble.fr\/?p=1266"},"modified":"2024-01-16T14:21:27","modified_gmt":"2024-01-16T13:21:27","slug":"enseignons-aux-enfants-que-toutes-et-tous-ont-les-memes-droits-a-lespace-public","status":"publish","type":"post","link":"https:\/\/villeurbanne-insoumise-ensemble.fr\/?p=1266","title":{"rendered":"Enseignons aux enfants que toutes et tous ont les m\u00eames droits \u00e0 l\u2019espace public"},"content":{"rendered":"\n<p><em>Par Olivier GL\u00dcCK<\/em><\/p>\n\n\n\n<figure class=\"wp-block-embed is-type-video is-provider-youtube wp-block-embed-youtube wp-embed-aspect-16-9 wp-has-aspect-ratio\"><div class=\"wp-block-embed__wrapper\">\n<iframe loading=\"lazy\" title=\"Olivier GL\u00dcCK - Enseignons aux enfants que tous\u00b7tes ont les m\u00eames droits \u00e0 l\u2019espace public\" width=\"640\" height=\"360\" src=\"https:\/\/www.youtube.com\/embed\/DWDQpoTL_mc?feature=oembed\" frameborder=\"0\" allow=\"accelerometer; autoplay; clipboard-write; encrypted-media; gyroscope; picture-in-picture; web-share\" allowfullscreen><\/iframe>\n<\/div><\/figure>\n\n\n\n<p>Ce n\u2019est un secret pour personne, les \u00e9t\u00e9s en ville se transforment peu \u00e0 peu en une longue canicule. Ces chaleurs sont d\u2019autant plus fortes qu\u2019en ville tout, ou presque, est b\u00e9tonn\u00e9. Planter et v\u00e9g\u00e9taliser, c\u2019est donc une n\u00e9cessit\u00e9 et en tant que secteur public, nous devons montrer l\u2019exemple en le faisant d\u00e8s que possible dans nos \u00e9quipements pour ombrager et rafra\u00eechir. C\u2019est d\u2019autant plus vrai dans les cours d\u2019\u00e9cole o\u00f9 les enfants jouent au sol, dans un environnement tr\u00e8s min\u00e9ral.<\/p>\n\n\n\n<p>Mais nous pourrions aussi aller plus loin dans la r\u00e9flexion, et le fait d\u2019associer les personnes directement concern\u00e9es, donc les enfants comme cela a \u00e9t\u00e9 pr\u00e9sent\u00e9 par Alain Brissard, est une tr\u00e8s bonne chose. Nos cours devraient non seulement \u00eatre v\u00e9g\u00e9talis\u00e9es, \u00eatre accessibles, mais aussi \u00eatre inclusives. L\u2019inclusivit\u00e9, c\u2019est tout simplement le fait de mettre fin aux exclusions dont sont victimes certaines personnes, et on sait qu\u2019une cour de r\u00e9cr\u00e9ation peut \u00eatre accessible physiquement, mais exclure ou rel\u00e9guer certains groupes d\u2019enfants. Ces exclusions commencent d\u00e8s l\u2019enfance.&nbsp;<\/p>\n\n\n\n<p>En tant que premier espace public investi, la cour de r\u00e9cr\u00e9ation est un endroit lourd de sens et participe \u00e0 leur construction sociale. Nous pourrions profiter de ces requalifications pour que l\u2019organisation de l\u2019espace ne se fasse plus au d\u00e9triment des groupes sociaux domin\u00e9s, comme les enfants en situation de handicap et les filles. Ce sont souvent eux et elles qui se retrouvent, par la construction m\u00eame du site, rel\u00e9gu\u00e9\u00b7e\u00b7s aux marges, tandis que l\u2019espace central est appropri\u00e9 par les gar\u00e7ons valides.&nbsp;<\/p>\n\n\n\n<p>Pour accorder \u00e0 chacun et \u00e0 chacune la m\u00eame place, nous pourrions r\u00e9guler les espaces physiques de jeux, ou encore proposer aux \u00e9quipes \u00e9ducatives de r\u00e9guler davantage les temps de jeux, en proposant diff\u00e9rents types d\u2019activit\u00e9s tout au long de la semaine. Par ailleurs, pour que les enfants cessent de r\u00e9p\u00e9ter les st\u00e9r\u00e9otypes de genre, ces m\u00eames \u00e9quipes doivent \u00eatre form\u00e9es \u00e0 ces enjeux pour ne pas eux-m\u00eames les reproduire.&nbsp;<\/p>\n\n\n\n<p>Ni plus ni moins, il s\u2019agit simplement d\u2019enseigner aux enfants d\u00e8s le plus jeune \u00e2ge que toutes et tous ont les m\u00eames droits \u00e0 l\u2019espace public, en contrebalan\u00e7ant les st\u00e9r\u00e9otypes et les dominations qui s\u2019exercent d\u2019un groupe sur l\u2019autre.&nbsp;<\/p>\n\n\n\n<p>Cette d\u00e9lib\u00e9ration ne concerne que la v\u00e9g\u00e9talisation des cours. Nous aurions aim\u00e9 avoir davantage d\u2019\u00e9l\u00e9ments qui nous montrent que ces questions ont \u00e9t\u00e9 r\u00e9fl\u00e9chies, travaill\u00e9es, et que notre ville avance vers l\u2019inclusion d\u00e8s le plus jeune \u00e2ge. Nous voterons favorablement pour ce rapport.&nbsp;<\/p>\n","protected":false},"excerpt":{"rendered":"<p>Par Olivier GL\u00dcCK Ce n\u2019est un secret pour personne, les \u00e9t\u00e9s en ville se transforment peu \u00e0 peu en une longue canicule. Ces chaleurs sont d\u2019autant plus fortes qu\u2019en ville tout, ou presque, est b\u00e9tonn\u00e9. Planter et v\u00e9g\u00e9taliser, c\u2019est donc une n\u00e9cessit\u00e9 et en tant que secteur public, nous devons montrer l\u2019exemple en le faisant&#8230;<\/p>\n","protected":false},"author":1,"featured_media":0,"comment_status":"open","ping_status":"open","sticky":false,"template":"","format":"standard","meta":[],"categories":[190,7],"tags":[79,43],"_links":{"self":[{"href":"https:\/\/villeurbanne-insoumise-ensemble.fr\/index.php?rest_route=\/wp\/v2\/posts\/1266"}],"collection":[{"href":"https:\/\/villeurbanne-insoumise-ensemble.fr\/index.php?rest_route=\/wp\/v2\/posts"}],"about":[{"href":"https:\/\/villeurbanne-insoumise-ensemble.fr\/index.php?rest_route=\/wp\/v2\/types\/post"}],"author":[{"embeddable":true,"href":"https:\/\/villeurbanne-insoumise-ensemble.fr\/index.php?rest_route=\/wp\/v2\/users\/1"}],"replies":[{"embeddable":true,"href":"https:\/\/villeurbanne-insoumise-ensemble.fr\/index.php?rest_route=%2Fwp%2Fv2%2Fcomments&post=1266"}],"version-history":[{"count":2,"href":"https:\/\/villeurbanne-insoumise-ensemble.fr\/index.php?rest_route=\/wp\/v2\/posts\/1266\/revisions"}],"predecessor-version":[{"id":1275,"href":"https:\/\/villeurbanne-insoumise-ensemble.fr\/index.php?rest_route=\/wp\/v2\/posts\/1266\/revisions\/1275"}],"wp:attachment":[{"href":"https:\/\/villeurbanne-insoumise-ensemble.fr\/index.php?rest_route=%2Fwp%2Fv2%2Fmedia&parent=1266"}],"wp:term":[{"taxonomy":"category","embeddable":true,"href":"https:\/\/villeurbanne-insoumise-ensemble.fr\/index.php?rest_route=%2Fwp%2Fv2%2Fcategories&post=1266"},{"taxonomy":"post_tag","embeddable":true,"href":"https:\/\/villeurbanne-insoumise-ensemble.fr\/index.php?rest_route=%2Fwp%2Fv2%2Ftags&post=1266"}],"curies":[{"name":"wp","href":"https:\/\/api.w.org\/{rel}","templated":true}]}}