{"id":1264,"date":"2023-02-22T10:52:02","date_gmt":"2023-02-22T09:52:02","guid":{"rendered":"http:\/\/villeurbanne-insoumise-ensemble.fr\/?p=1264"},"modified":"2024-01-16T14:21:36","modified_gmt":"2024-01-16T13:21:36","slug":"nous-naurons-de-cesse-de-promouvoir-la-solidarite","status":"publish","type":"post","link":"https:\/\/villeurbanne-insoumise-ensemble.fr\/?p=1264","title":{"rendered":"Nous n\u2019aurons de cesse de promouvoir la solidarit\u00e9 !"},"content":{"rendered":"\n<p><em>Par Julien RAVELLO<\/em><\/p>\n\n\n\n<figure class=\"wp-block-embed is-type-video is-provider-youtube wp-block-embed-youtube wp-embed-aspect-16-9 wp-has-aspect-ratio\"><div class=\"wp-block-embed__wrapper\">\n<iframe loading=\"lazy\" title=\"Julien RAVELLO - Nous n\u2019aurons de cesse de promouvoir la solidarit\u00e9 !\" width=\"640\" height=\"360\" src=\"https:\/\/www.youtube.com\/embed\/UITQknOAKAM?feature=oembed\" frameborder=\"0\" allow=\"accelerometer; autoplay; clipboard-write; encrypted-media; gyroscope; picture-in-picture; web-share\" allowfullscreen><\/iframe>\n<\/div><\/figure>\n\n\n\n<p>Ce n\u2019\u00e9tait pas un petit jardin, mais un grand parking qui sentait bon l\u2019enrob\u00e9. Un parking de 150 places, sur un terrain bitum\u00e9 de 11 000 m\u00e8tres carr\u00e9s. Un parking aujourd\u2019hui, mais demain, un bon exemple des transformations concr\u00e8tes que l\u2019on peut apporter pour am\u00e9liorer la vie quotidienne des riverains, des passants et des b\u00e9n\u00e9ficiaires du programme Archipel.<\/p>\n\n\n\n<p>Ce site est tr\u00e8s propice aux rencontres puisqu\u2019il est au croisement d\u2019activit\u00e9s tr\u00e8s diff\u00e9rentes : la&nbsp; Maison du livre, de l\u2019image et du son ; le sport avec la salle multi activit\u00e9s Rapha\u00ebl de Barros, le skateparc, l\u2019ASVEL foot et le boulodrome ; les distributions alimentaires des Camions du c\u0153ur ; le square enfin, fr\u00e9quent\u00e9 par les riverains et les familles. Nous voulons continuer \u00e0 faire coexister toutes ces activit\u00e9s, tout en transformant un endroit peu d\u00e9sirable en moteur pour la r\u00e9alisation de nos trois politiques publiques prioritaires que sont la transition \u00e9cologique, d\u00e9mocratique et l\u2019\u00e9galit\u00e9 entre toutes et tous.<\/p>\n\n\n\n<p>L\u2019ancien parking r\u00e9pond d\u00e9j\u00e0 au besoin majeur qu\u2019est l\u2019alimentation, gr\u00e2ce aux camions du c\u0153ur qui sont pr\u00e9sents depuis plusieurs ann\u00e9es et aux cuisines \u00e0 usage libre pilot\u00e9es par l&#8217;association Le Mas qui a tout r\u00e9cemment ouvert ses portes. A terme, la cr\u00e9ation du p\u00f4le sportif, du jardin partag\u00e9 et la mise en valeur du parc seront b\u00e9n\u00e9fiques \u00e0 tout le monde : chacun et chacune pourra profiter d\u2019un nouvel espace public o\u00f9 se tiendront des manifestations culturelles.&nbsp;<\/p>\n\n\n\n<p>Nous sommes d\u2019autant plus contents de porter ce programme que nous y voyons un contre-point aux violences exerc\u00e9es \u00e0 l\u2019encontre de droits ch\u00e8rement acquis. La diminution des allocations destin\u00e9es aux ch\u00f4meurs, le conditionnement du RSA \u00e0 un travail, ou les droits de plus en plus restreint des r\u00e9fugi\u00e9s, d\u00e9gradent concr\u00e8tement les conditions d\u2019existence des gens.&nbsp;<\/p>\n\n\n\n<p>Face \u00e0 cela, nous pensons qu\u2019il est des droits qui ne sont pas n\u00e9gociables, et nous n\u2019aurons de cesse de promouvoir la solidarit\u00e9 plut\u00f4t que l\u2019exclusion.&nbsp; Nous voterons donc avec grand plaisir cette d\u00e9lib\u00e9ration.<\/p>\n","protected":false},"excerpt":{"rendered":"<p>Par Julien RAVELLO Ce n\u2019\u00e9tait pas un petit jardin, mais un grand parking qui sentait bon l\u2019enrob\u00e9. Un parking de 150 places, sur un terrain bitum\u00e9 de 11 000 m\u00e8tres carr\u00e9s. Un parking aujourd\u2019hui, mais demain, un bon exemple des transformations concr\u00e8tes que l\u2019on peut apporter pour am\u00e9liorer la vie quotidienne des riverains, des passants&#8230;<\/p>\n","protected":false},"author":1,"featured_media":0,"comment_status":"open","ping_status":"open","sticky":false,"template":"","format":"standard","meta":[],"categories":[190,7],"tags":[76,43,180],"_links":{"self":[{"href":"https:\/\/villeurbanne-insoumise-ensemble.fr\/index.php?rest_route=\/wp\/v2\/posts\/1264"}],"collection":[{"href":"https:\/\/villeurbanne-insoumise-ensemble.fr\/index.php?rest_route=\/wp\/v2\/posts"}],"about":[{"href":"https:\/\/villeurbanne-insoumise-ensemble.fr\/index.php?rest_route=\/wp\/v2\/types\/post"}],"author":[{"embeddable":true,"href":"https:\/\/villeurbanne-insoumise-ensemble.fr\/index.php?rest_route=\/wp\/v2\/users\/1"}],"replies":[{"embeddable":true,"href":"https:\/\/villeurbanne-insoumise-ensemble.fr\/index.php?rest_route=%2Fwp%2Fv2%2Fcomments&post=1264"}],"version-history":[{"count":2,"href":"https:\/\/villeurbanne-insoumise-ensemble.fr\/index.php?rest_route=\/wp\/v2\/posts\/1264\/revisions"}],"predecessor-version":[{"id":1274,"href":"https:\/\/villeurbanne-insoumise-ensemble.fr\/index.php?rest_route=\/wp\/v2\/posts\/1264\/revisions\/1274"}],"wp:attachment":[{"href":"https:\/\/villeurbanne-insoumise-ensemble.fr\/index.php?rest_route=%2Fwp%2Fv2%2Fmedia&parent=1264"}],"wp:term":[{"taxonomy":"category","embeddable":true,"href":"https:\/\/villeurbanne-insoumise-ensemble.fr\/index.php?rest_route=%2Fwp%2Fv2%2Fcategories&post=1264"},{"taxonomy":"post_tag","embeddable":true,"href":"https:\/\/villeurbanne-insoumise-ensemble.fr\/index.php?rest_route=%2Fwp%2Fv2%2Ftags&post=1264"}],"curies":[{"name":"wp","href":"https:\/\/api.w.org\/{rel}","templated":true}]}}