{"id":1262,"date":"2023-02-22T10:51:34","date_gmt":"2023-02-22T09:51:34","guid":{"rendered":"http:\/\/villeurbanne-insoumise-ensemble.fr\/?p=1262"},"modified":"2024-01-16T14:21:43","modified_gmt":"2024-01-16T13:21:43","slug":"nous-soutiendrons-le-projet-de-centre-social-pour-le-quartier-de-croix-luizet","status":"publish","type":"post","link":"https:\/\/villeurbanne-insoumise-ensemble.fr\/?p=1262","title":{"rendered":"Nous soutiendrons le projet de centre social pour le quartier de Croix-Luizet"},"content":{"rendered":"\n<p><em>Par Danielle CARASCO<\/em><\/p>\n\n\n\n<figure class=\"wp-block-embed is-type-video is-provider-youtube wp-block-embed-youtube wp-embed-aspect-16-9 wp-has-aspect-ratio\"><div class=\"wp-block-embed__wrapper\">\n<iframe loading=\"lazy\" title=\"Danielle CARASCO - Nous soutiendrons le projet de centre social \u00e0 Croix Luizet\" width=\"640\" height=\"360\" src=\"https:\/\/www.youtube.com\/embed\/Eo6oPwWZeOg?feature=oembed\" frameborder=\"0\" allow=\"accelerometer; autoplay; clipboard-write; encrypted-media; gyroscope; picture-in-picture; web-share\" allowfullscreen><\/iframe>\n<\/div><\/figure>\n\n\n\n<p>La&nbsp; maison de Croix-Luizet s&#8217;est retrouv\u00e9e en situation de cessation de paiement pour faire face \u00e0 ses charges. Le juge du tribunal judiciaire a d\u00e9cid\u00e9 d\u00e9but d\u00e9cembre de la liquidation de l&#8217;association et donc de la cessation de ses activit\u00e9s. Cette maison implant\u00e9e dans le quartier depuis 1943 \u00e9tait pourtant tr\u00e8s fr\u00e9quent\u00e9e par les habitants de tous \u00e2ges du quartier avec ses 400 adh\u00e9rents, et c&#8217;est une grande perte que la fermeture de ses portes. Cela a mis en&nbsp; grande difficult\u00e9&nbsp; de nombreuses familles qui comptaient sur la cr\u00e8che et sur le centre de loisirs, et 19 personnes ont \u00e9t\u00e9 licenci\u00e9es. Tout un service qu&#8217;on pourrait qualifier \u00e0 notre sens de public a \u00e9t\u00e9 supprim\u00e9 subitement, ce qui est regrettable&nbsp;&nbsp; et \u00e9prouvant.<\/p>\n\n\n\n<p>Heureusement, des mesures ont \u00e9t\u00e9 prises imm\u00e9diatement pour pallier \u00e0 la fermeture et pour soulager les usagers d\u00e9boussol\u00e9s et accul\u00e9s \u00e0 une r\u00e9organisation familiale du jour au lendemain. Nous d\u00e9couvrons avec un certain soulagement cette d\u00e9lib\u00e9ration, et la demande de subvention pour un accueil de loisirs des 3-11 ans qui sera&nbsp; pris en charge par le centre social des Buers. Nous remercions et saluons l&#8217;\u00e9nergie, le professionnalisme et l&#8217;engagement des personnels de ce centre social.<\/p>\n\n\n\n<p>De m\u00eame, nous soutiendrons&nbsp; le projet de pr\u00e9figuration de centre social pour le quartier de Croix-Luizet auquel&nbsp; seront associ\u00e9s les usagers de l&#8217;ancien \u00e9quipement. Plus qu&#8217;une d\u00e9licate attention et qu&#8217;un juste retour, cela s&#8217;inscrit pleinement dans notre volont\u00e9 cr\u00e9er plus d&#8217;espaces de d\u00e9mocratie et de prises de d\u00e9cisions locales ! Nous n&#8217;oublions pas les 19 personnes licenci\u00e9es : nous leur souhaitons bonne chance et satisfaction dans la suite de leurs parcours professionnel.<\/p>\n","protected":false},"excerpt":{"rendered":"<p>Par Danielle CARASCO La&nbsp; maison de Croix-Luizet s&#8217;est retrouv\u00e9e en situation de cessation de paiement pour faire face \u00e0 ses charges. Le juge du tribunal judiciaire a d\u00e9cid\u00e9 d\u00e9but d\u00e9cembre de la liquidation de l&#8217;association et donc de la cessation de ses activit\u00e9s. Cette maison implant\u00e9e dans le quartier depuis 1943 \u00e9tait pourtant tr\u00e8s fr\u00e9quent\u00e9e&#8230;<\/p>\n","protected":false},"author":1,"featured_media":0,"comment_status":"open","ping_status":"open","sticky":false,"template":"","format":"standard","meta":[],"categories":[190,7],"tags":[152,180],"_links":{"self":[{"href":"https:\/\/villeurbanne-insoumise-ensemble.fr\/index.php?rest_route=\/wp\/v2\/posts\/1262"}],"collection":[{"href":"https:\/\/villeurbanne-insoumise-ensemble.fr\/index.php?rest_route=\/wp\/v2\/posts"}],"about":[{"href":"https:\/\/villeurbanne-insoumise-ensemble.fr\/index.php?rest_route=\/wp\/v2\/types\/post"}],"author":[{"embeddable":true,"href":"https:\/\/villeurbanne-insoumise-ensemble.fr\/index.php?rest_route=\/wp\/v2\/users\/1"}],"replies":[{"embeddable":true,"href":"https:\/\/villeurbanne-insoumise-ensemble.fr\/index.php?rest_route=%2Fwp%2Fv2%2Fcomments&post=1262"}],"version-history":[{"count":2,"href":"https:\/\/villeurbanne-insoumise-ensemble.fr\/index.php?rest_route=\/wp\/v2\/posts\/1262\/revisions"}],"predecessor-version":[{"id":1273,"href":"https:\/\/villeurbanne-insoumise-ensemble.fr\/index.php?rest_route=\/wp\/v2\/posts\/1262\/revisions\/1273"}],"wp:attachment":[{"href":"https:\/\/villeurbanne-insoumise-ensemble.fr\/index.php?rest_route=%2Fwp%2Fv2%2Fmedia&parent=1262"}],"wp:term":[{"taxonomy":"category","embeddable":true,"href":"https:\/\/villeurbanne-insoumise-ensemble.fr\/index.php?rest_route=%2Fwp%2Fv2%2Fcategories&post=1262"},{"taxonomy":"post_tag","embeddable":true,"href":"https:\/\/villeurbanne-insoumise-ensemble.fr\/index.php?rest_route=%2Fwp%2Fv2%2Ftags&post=1262"}],"curies":[{"name":"wp","href":"https:\/\/api.w.org\/{rel}","templated":true}]}}