{"id":1260,"date":"2023-02-22T10:50:41","date_gmt":"2023-02-22T09:50:41","guid":{"rendered":"http:\/\/villeurbanne-insoumise-ensemble.fr\/?p=1260"},"modified":"2024-01-16T14:21:49","modified_gmt":"2024-01-16T13:21:49","slug":"linteret-de-la-ville-ne-correspond-pas-entierement-a-celui-de-lasvel","status":"publish","type":"post","link":"https:\/\/villeurbanne-insoumise-ensemble.fr\/?p=1260","title":{"rendered":"L\u2019int\u00e9r\u00eat de la ville ne correspond pas enti\u00e8rement \u00e0 celui de l\u2019ASVEL"},"content":{"rendered":"\n<p><em>Par Ga\u00ebtan CONSTANT<\/em><\/p>\n\n\n\n<figure class=\"wp-block-embed is-type-video is-provider-youtube wp-block-embed-youtube wp-embed-aspect-16-9 wp-has-aspect-ratio\"><div class=\"wp-block-embed__wrapper\">\n<iframe loading=\"lazy\" title=\"Ga\u00ebtan CONSTANT - L\u2019int\u00e9r\u00eat de la ville ne correspond pas enti\u00e8rement \u00e0 celui de l\u2019ASVEL\" width=\"640\" height=\"360\" src=\"https:\/\/www.youtube.com\/embed\/uOfrOo9ZxoU?feature=oembed\" frameborder=\"0\" allow=\"accelerometer; autoplay; clipboard-write; encrypted-media; gyroscope; picture-in-picture; web-share\" allowfullscreen><\/iframe>\n<\/div><\/figure>\n\n\n\n<p>En cette semaine post-Saint Valentin, je voudrais vous parler d&#8217;amour. Un amour qui a men\u00e9 jusqu&#8217;\u00e0 un mariage sans morceaux d\u2019orgue et sans v\u0153ux de fid\u00e9lit\u00e9, un mariage d&#8217;int\u00e9r\u00eat plus que d&#8217;amour finalement, mais un mariage tout de m\u00eame fructueux entre messieurs Collomb et Aulas. Ensemble, ils ont accouch\u00e9 du b\u00e9b\u00e9 \u00ab OL Land \u00bb dont nous h\u00e9ritons, pour le meilleur et pour le pire. Le b\u00e9b\u00e9 a aujourd\u2019hui bien grandi et va encore se d\u00e9velopper, avec la nouvelle salle ARENA multi-fonction, et surtout pour le sujet qui nous occupe, solo-basket.<\/p>\n\n\n\n<p>Le groupe des insoumis m\u00e9tropolitain avait vot\u00e9 contre la modification du PLU-h qui autorisait la construction de l\u2019ARENA. Nous y avions bien vu le danger pour les salles actuelles, que ce soit la salle de spectacle Tony Garnier \u00e0 Lyon ou surtout, pour Villeurbanne, l\u2019Astroballe. Le danger \u00e9tait fond\u00e9. C\u2019est confirm\u00e9 dans cette convention : d\u00e9sormais, une partie des matches de l\u2019ASVEL ne se fera plus \u00e0 Villeurbanne, ce qui retire une part non-n\u00e9gligeable du financement de notre \u00e9quipement.&nbsp;<\/p>\n\n\n\n<p>Il est bien \u00e9vident que l\u2019objectif de Tony Parker est de d\u00e9velopper son club pour en faire un club de haut niveau. On ne peut pas lui jeter la pierre. Simplement, on voit bien que l\u2019int\u00e9r\u00eat de la ville ne correspond pas enti\u00e8rement \u00e0 celui de l\u2019ASVEL puisque nous d\u00e9fendons des int\u00e9r\u00eats publics. Nous devons faire en sorte de ne pas nous retrouver d\u00e9pendants d\u2019un club priv\u00e9 pour faire vivre nos \u00e9quipements.<\/p>\n\n\n\n<p>La vraie question est donc de savoir comment on fait de ce changement une force pour Villeurbanne et pour l\u2019Astroballe. La salle existe, elle sera moins sollicit\u00e9e, mais c\u2019est aussi une opportunit\u00e9 pour repenser son occupation et y introduire des nouvelles pratiques, sportives ou non. Elle n\u2019est pas qu\u2019un lieu de consommation de sport-spectale-divertissement, o\u00f9 la seule pratique sportive du spectateur consiste \u00e0 s\u2019asseoir et \u00e0 manger un burger, en regardant des sportifs professionnels en plein match. On pourrait la repenser comme un lieu du sport pour toutes et tous. Bien s\u00fbr, mon groupe n\u2019a pas de solution cl\u00e9 en main, mais nous voyons dans cette convention l\u2019occasion de d\u00e9velopper davantage le sport amateur, la vie associative, nos politiques publiques pour la sant\u00e9 mentale et physique. Pourquoi ne pas organiser un conseil municipal \u00e0 l\u2019Astroballe par exemple ?<\/p>\n\n\n\n<p>C\u2019est tout un sujet que nous serions heureux de travailler avec la majorit\u00e9 d\u2019ici \u00e0 ce qu\u2019un groupe de travail soit cr\u00e9\u00e9. Nous nous abstiendrons.<\/p>\n","protected":false},"excerpt":{"rendered":"<p>Par Ga\u00ebtan CONSTANT En cette semaine post-Saint Valentin, je voudrais vous parler d&#8217;amour. Un amour qui a men\u00e9 jusqu&#8217;\u00e0 un mariage sans morceaux d\u2019orgue et sans v\u0153ux de fid\u00e9lit\u00e9, un mariage d&#8217;int\u00e9r\u00eat plus que d&#8217;amour finalement, mais un mariage tout de m\u00eame fructueux entre messieurs Collomb et Aulas. Ensemble, ils ont accouch\u00e9 du b\u00e9b\u00e9 \u00ab&#8230;<\/p>\n","protected":false},"author":1,"featured_media":0,"comment_status":"open","ping_status":"open","sticky":false,"template":"","format":"standard","meta":[],"categories":[190,7],"tags":[189],"_links":{"self":[{"href":"https:\/\/villeurbanne-insoumise-ensemble.fr\/index.php?rest_route=\/wp\/v2\/posts\/1260"}],"collection":[{"href":"https:\/\/villeurbanne-insoumise-ensemble.fr\/index.php?rest_route=\/wp\/v2\/posts"}],"about":[{"href":"https:\/\/villeurbanne-insoumise-ensemble.fr\/index.php?rest_route=\/wp\/v2\/types\/post"}],"author":[{"embeddable":true,"href":"https:\/\/villeurbanne-insoumise-ensemble.fr\/index.php?rest_route=\/wp\/v2\/users\/1"}],"replies":[{"embeddable":true,"href":"https:\/\/villeurbanne-insoumise-ensemble.fr\/index.php?rest_route=%2Fwp%2Fv2%2Fcomments&post=1260"}],"version-history":[{"count":3,"href":"https:\/\/villeurbanne-insoumise-ensemble.fr\/index.php?rest_route=\/wp\/v2\/posts\/1260\/revisions"}],"predecessor-version":[{"id":1281,"href":"https:\/\/villeurbanne-insoumise-ensemble.fr\/index.php?rest_route=\/wp\/v2\/posts\/1260\/revisions\/1281"}],"wp:attachment":[{"href":"https:\/\/villeurbanne-insoumise-ensemble.fr\/index.php?rest_route=%2Fwp%2Fv2%2Fmedia&parent=1260"}],"wp:term":[{"taxonomy":"category","embeddable":true,"href":"https:\/\/villeurbanne-insoumise-ensemble.fr\/index.php?rest_route=%2Fwp%2Fv2%2Fcategories&post=1260"},{"taxonomy":"post_tag","embeddable":true,"href":"https:\/\/villeurbanne-insoumise-ensemble.fr\/index.php?rest_route=%2Fwp%2Fv2%2Ftags&post=1260"}],"curies":[{"name":"wp","href":"https:\/\/api.w.org\/{rel}","templated":true}]}}