{"id":1258,"date":"2023-03-01T10:47:00","date_gmt":"2023-03-01T09:47:00","guid":{"rendered":"http:\/\/villeurbanne-insoumise-ensemble.fr\/?p=1258"},"modified":"2023-11-23T11:53:13","modified_gmt":"2023-11-23T10:53:13","slug":"gerald-darmanin-vit-il-dans-un-dessin-anime","status":"publish","type":"post","link":"https:\/\/villeurbanne-insoumise-ensemble.fr\/?p=1258","title":{"rendered":"G\u00e9rald Darmanin vit-il dans un dessin anim\u00e9 ?"},"content":{"rendered":"\n<p>\u00ab <em>\u00catre gentil avec les gentils et m\u00e9chant avec les m\u00e9chants<\/em> \u00bb : voil\u00e0 le monde sch\u00e9matique o\u00f9 vit notre ministre de l&#8217;Int\u00e9rieur et le r\u00e9sum\u00e9 qu&#8217;il fait de sa loi \u00ab Asile et immigration \u00bb. Loi bien mal qualifi\u00e9e : il serait plus juste de la renommer \u00ab Expulsions et x\u00e9nophobie \u00bb. Mais qu&#8217;attendre d&#8217;un homme qui a jug\u00e9 Marine le Pen \u00ab <em>trop molle <\/em>\u00bb ?<\/p>\n\n\n\n<p>La loi instaure une criminalisation in\u00e9dite des r\u00e9fugi\u00e9s. En s&#8217;appuyant sur des chiffres mensongers, elle facilite les expulsions en op\u00e9rant une simplification drastique du droit des \u00e9trangers. On conna\u00eet la chanson : par simplification, il faut bien s\u00fbr entendre moins de protection. Pour pouvoir rester en France, les exil\u00e9s devront d\u00e9sormais respecter les \u00ab principes de la R\u00e9publique \u00bb, notion floue s&#8217;il en est, qui permet d&#8217;utiliser n&#8217;importe quelle excuse pour bafouer leur droit \u00e0 la protection. Autres crit\u00e8res de rejet : la non-ma\u00eetrise du fran\u00e7ais, ou encore un premier refus d&#8217;asile de l&#8217;Office fran\u00e7ais de protection des r\u00e9fugi\u00e9s et apatrides.<\/p>\n\n\n\n<p>Plus grave peut-\u00eatre, un nouveau titre de s\u00e9jour sera cr\u00e9\u00e9 pour que les \u00e9trangers travaillent dans les secteurs \u00ab en tension \u00bb. Mais pour y acc\u00e9der, il faudra pouvoir justifier d&#8217;un CDI et avoir s\u00e9journ\u00e9 en France depuis plusieurs mois. Or, on sait que beaucoup des secteurs concern\u00e9s ne recrutent que par CDD ou int\u00e9rim. Mais au-del\u00e0 des consid\u00e9rations pratiques, il est scandaleux de consid\u00e9rer que les personnes \u00e9trang\u00e8res ne seraient pr\u00e9sentes que pour travailler dans des secteurs mal r\u00e9mun\u00e9r\u00e9s et aux conditions de travail si difficiles que le patronat peine \u00e0 recruter. Alors qu&#8217;il faudrait donner un titre de s\u00e9jour pour ensuite organiser l&#8217;int\u00e9gration des r\u00e9fugi\u00e9s, c&#8217;est tout l&#8217;inverse qui est aujourd&#8217;hui impos\u00e9.&nbsp;<\/p>\n\n\n\n<p>Nous lions cette loi \u00e0 toutes celles que souhaite faire passer le gouvernement et qui visent \u00e0 briser les solidarit\u00e9s. Migrations, retraites, RSA : dans leur monde, quelqu&#8217;un qui ne travaille pas n&#8217;a aucune valeur. Retournons le stigmate : qui sont les r\u00e9els parasites ?\u00a0<\/p>\n","protected":false},"excerpt":{"rendered":"<p>\u00ab \u00catre gentil avec les gentils et m\u00e9chant avec les m\u00e9chants \u00bb : voil\u00e0 le monde sch\u00e9matique o\u00f9 vit notre ministre de l&#8217;Int\u00e9rieur et le r\u00e9sum\u00e9 qu&#8217;il fait de sa loi \u00ab Asile et immigration \u00bb. Loi bien mal qualifi\u00e9e : il serait plus juste de la renommer \u00ab Expulsions et x\u00e9nophobie \u00bb. Mais qu&#8217;attendre&#8230;<\/p>\n","protected":false},"author":1,"featured_media":0,"comment_status":"open","ping_status":"open","sticky":false,"template":"","format":"standard","meta":[],"categories":[145],"tags":[76,188],"_links":{"self":[{"href":"https:\/\/villeurbanne-insoumise-ensemble.fr\/index.php?rest_route=\/wp\/v2\/posts\/1258"}],"collection":[{"href":"https:\/\/villeurbanne-insoumise-ensemble.fr\/index.php?rest_route=\/wp\/v2\/posts"}],"about":[{"href":"https:\/\/villeurbanne-insoumise-ensemble.fr\/index.php?rest_route=\/wp\/v2\/types\/post"}],"author":[{"embeddable":true,"href":"https:\/\/villeurbanne-insoumise-ensemble.fr\/index.php?rest_route=\/wp\/v2\/users\/1"}],"replies":[{"embeddable":true,"href":"https:\/\/villeurbanne-insoumise-ensemble.fr\/index.php?rest_route=%2Fwp%2Fv2%2Fcomments&post=1258"}],"version-history":[{"count":1,"href":"https:\/\/villeurbanne-insoumise-ensemble.fr\/index.php?rest_route=\/wp\/v2\/posts\/1258\/revisions"}],"predecessor-version":[{"id":1259,"href":"https:\/\/villeurbanne-insoumise-ensemble.fr\/index.php?rest_route=\/wp\/v2\/posts\/1258\/revisions\/1259"}],"wp:attachment":[{"href":"https:\/\/villeurbanne-insoumise-ensemble.fr\/index.php?rest_route=%2Fwp%2Fv2%2Fmedia&parent=1258"}],"wp:term":[{"taxonomy":"category","embeddable":true,"href":"https:\/\/villeurbanne-insoumise-ensemble.fr\/index.php?rest_route=%2Fwp%2Fv2%2Fcategories&post=1258"},{"taxonomy":"post_tag","embeddable":true,"href":"https:\/\/villeurbanne-insoumise-ensemble.fr\/index.php?rest_route=%2Fwp%2Fv2%2Ftags&post=1258"}],"curies":[{"name":"wp","href":"https:\/\/api.w.org\/{rel}","templated":true}]}}