{"id":1255,"date":"2023-02-01T10:43:00","date_gmt":"2023-02-01T09:43:00","guid":{"rendered":"http:\/\/villeurbanne-insoumise-ensemble.fr\/?p=1255"},"modified":"2023-11-23T11:51:05","modified_gmt":"2023-11-23T10:51:05","slug":"la-retraite-a-60-ans-on-sest-battus-pour-la-gagner-on-se-battra-pour-la-garder","status":"publish","type":"post","link":"https:\/\/villeurbanne-insoumise-ensemble.fr\/?p=1255","title":{"rendered":"La retraite \u00e0 60 ans, on s&#8217;est battus pour la gagner, on se battra pour la garder !"},"content":{"rendered":"\n<p>6 fran\u00e7ais sur 10 veulent partir \u00e0 la retraite \u00e0 60 ans, ou avant. Pourtant, contre l&#8217;avis et la vie de la majorit\u00e9, une minorit\u00e9 de blocage &#8211; macronistes et droite &#8211; veut nous faire travailler jusqu&#8217;\u00e0 64 ans. L&#8217;argument est le m\u00eame depuis 30 ans : il faudrait travailler plus pour financer le d\u00e9ficit des retraites. Pourtant, ce sont bien les gouvernements successifs qui organisent ce trou dans les caisses de l\u2019\u00c9tat. 157 milliards : voil\u00e0 ce que nous co\u00fbtent chaque ann\u00e9e tous les cadeaux faits aux entreprises. C&#8217;est un quart de notre budget national ! A c\u00f4t\u00e9, que repr\u00e9sentent les 20 milliards qu&#8217;est cens\u00e9e nous faire gagner cette r\u00e9forme ?<\/p>\n\n\n\n<p>C&#8217;est d&#8217;autant plus scandaleux que ces all\u00e8gements de cotisations sont vers\u00e9s sans contreparties et vont directement dans la poche des actionnaires et PDG. Depuis 2020, la fortune des milliardaires fran\u00e7ais a augment\u00e9 de 58%. C&#8217;est d\u00e9sormais Bernard Arnault qui est l&#8217;homme le plus riche au monde. Il poss\u00e8de \u00e0 lui seul autant que 20 millions de fran\u00e7ais. Sommes-nous de retour dans une soci\u00e9t\u00e9 d&#8217;Ancien R\u00e9gime, o\u00f9 les uns triment pendant que les autres mangent de la brioche ? Devons-nous travailler toujours plus longtemps pour engraisser les grosses fortunes ?<\/p>\n\n\n\n<p>Si cette r\u00e9forme est vot\u00e9e, elle accentuera non seulement les in\u00e9galit\u00e9s entre les riches et les pauvres, mais aussi entre les femmes et les hommes, quand elles touchent d\u00e9j\u00e0 40% de moins \u00e0 la retraite&nbsp;; entre les personnes non dipl\u00f4m\u00e9es et les autres, elles qui commencent plus t\u00f4t, cotisent plus longtemps, mais ont des fins de carri\u00e8re pr\u00e9caires.<\/p>\n\n\n\n<p>De quelle soci\u00e9t\u00e9 voulons-nous ? Voulons-nous travailler toute notre vie et la finir dans la pauvret\u00e9 ? Devons-nous nous soumettre aux pr\u00e9tentions d&#8217;une minorit\u00e9 bourgeoise, qui nous explique comment et quand nous serons lib\u00e9r\u00e9s du salariat ? Ou devons-nous nous lever, prot\u00e9ger cette nouvelle \u00e9tape qu&#8217;est la retraite, elle qui nous permet de profiter de nos derni\u00e8res ann\u00e9es en bonne sant\u00e9, et de ce que la vie a de meilleur \u00e0 offrir ?<\/p>\n","protected":false},"excerpt":{"rendered":"<p>6 fran\u00e7ais sur 10 veulent partir \u00e0 la retraite \u00e0 60 ans, ou avant. Pourtant, contre l&#8217;avis et la vie de la majorit\u00e9, une minorit\u00e9 de blocage &#8211; macronistes et droite &#8211; veut nous faire travailler jusqu&#8217;\u00e0 64 ans. L&#8217;argument est le m\u00eame depuis 30 ans : il faudrait travailler plus pour financer le d\u00e9ficit&#8230;<\/p>\n","protected":false},"author":1,"featured_media":0,"comment_status":"open","ping_status":"open","sticky":false,"template":"","format":"standard","meta":[],"categories":[145],"tags":[43,180],"_links":{"self":[{"href":"https:\/\/villeurbanne-insoumise-ensemble.fr\/index.php?rest_route=\/wp\/v2\/posts\/1255"}],"collection":[{"href":"https:\/\/villeurbanne-insoumise-ensemble.fr\/index.php?rest_route=\/wp\/v2\/posts"}],"about":[{"href":"https:\/\/villeurbanne-insoumise-ensemble.fr\/index.php?rest_route=\/wp\/v2\/types\/post"}],"author":[{"embeddable":true,"href":"https:\/\/villeurbanne-insoumise-ensemble.fr\/index.php?rest_route=\/wp\/v2\/users\/1"}],"replies":[{"embeddable":true,"href":"https:\/\/villeurbanne-insoumise-ensemble.fr\/index.php?rest_route=%2Fwp%2Fv2%2Fcomments&post=1255"}],"version-history":[{"count":1,"href":"https:\/\/villeurbanne-insoumise-ensemble.fr\/index.php?rest_route=\/wp\/v2\/posts\/1255\/revisions"}],"predecessor-version":[{"id":1256,"href":"https:\/\/villeurbanne-insoumise-ensemble.fr\/index.php?rest_route=\/wp\/v2\/posts\/1255\/revisions\/1256"}],"wp:attachment":[{"href":"https:\/\/villeurbanne-insoumise-ensemble.fr\/index.php?rest_route=%2Fwp%2Fv2%2Fmedia&parent=1255"}],"wp:term":[{"taxonomy":"category","embeddable":true,"href":"https:\/\/villeurbanne-insoumise-ensemble.fr\/index.php?rest_route=%2Fwp%2Fv2%2Fcategories&post=1255"},{"taxonomy":"post_tag","embeddable":true,"href":"https:\/\/villeurbanne-insoumise-ensemble.fr\/index.php?rest_route=%2Fwp%2Fv2%2Ftags&post=1255"}],"curies":[{"name":"wp","href":"https:\/\/api.w.org\/{rel}","templated":true}]}}