{"id":1227,"date":"2022-12-16T14:44:31","date_gmt":"2022-12-16T13:44:31","guid":{"rendered":"https:\/\/villeurbanne-insoumise-ensemble.fr\/?p=1227"},"modified":"2023-11-23T11:50:38","modified_gmt":"2023-11-23T10:50:38","slug":"le-travail-de-lassemblee-citoyenne-justifie-nos-combats","status":"publish","type":"post","link":"https:\/\/villeurbanne-insoumise-ensemble.fr\/?p=1227","title":{"rendered":"Le travail de l&#8217;Assembl\u00e9e citoyenne justifie nos combats !"},"content":{"rendered":"\n<p><em>Par Mathieu GARABEDIAN<\/em><\/p>\n\n\n\n<figure class=\"wp-block-embed is-type-video is-provider-youtube wp-block-embed-youtube wp-embed-aspect-16-9 wp-has-aspect-ratio\"><div class=\"wp-block-embed__wrapper\">\n<iframe loading=\"lazy\" title=\"Mathieu GARABDIAN - Le travail de l&#039;Assembl\u00e9e citoyenne justifie nos combats !\" width=\"640\" height=\"360\" src=\"https:\/\/www.youtube.com\/embed\/SXylSlpcOgY?feature=oembed\" frameborder=\"0\" allow=\"accelerometer; autoplay; clipboard-write; encrypted-media; gyroscope; picture-in-picture\" allowfullscreen><\/iframe>\n<\/div><\/figure>\n\n\n\n<p>Je veux tout d\u2019abord saluer l\u2019\u00e9norme travail produit par l\u2019Assembl\u00e9e citoyenne. Le document est bien construit, tr\u00e8s agr\u00e9able \u00e0 lire, et montre les nombreuses pistes encore \u00e0 creuser. Nous sommes tr\u00e8s fiers de constater par l\u2019exemple que la participation de nos concitoyens et concitoyennes \u00e0 la fabrique directe de propositions de politiques publiques fait partie int\u00e9grante de la d\u00e9mocratie locale.<\/p>\n\n\n\n<p>Ensuite, nous ne pouvions pas lire ce rapport sans y voir une justification aux combats qui sont \u00e0 la base de nos engagements et de nos luttes politiques.<\/p>\n\n\n\n<p>Prenons d\u00e9j\u00e0 le cas des livreurs car il refl\u00e8te parfaitement des r\u00e9alit\u00e9s de notre soci\u00e9t\u00e9 et du monde du travail actuel : des personnes sans-papiers sont instrumentalis\u00e9es par les grandes plateformes pour faire un travail que peu de personnes acceptent. Parce qu\u2019on leur refuse la r\u00e9gularisation, elles sont oblig\u00e9es de se tourner vers un travail souvent dangereux, pr\u00e9caire et pour lequel elles ne sont pas couvertes par notre protection sociale. Mais c\u2019est \u00e9galement le cas pour toutes les personnes discrimin\u00e9es \u00e0 l\u2019embauche, oblig\u00e9es de se tourner vers ces plateformes quand plus aucune proposition ne leur est faite.<\/p>\n\n\n\n<p>\u00c9videmment, il serait dangereux et illusoire de penser que ces plateformes permettent de traiter ces sujets.<\/p>\n\n\n\n<p>En effet, elles ne peuvent, en aucun cas, \u00eatre la r\u00e9ponse aux questions d\u2019acc\u00e8s \u00e0 l\u2019emploi, quand les conditions de travail qu\u2019elles proposent sont aussi mauvaises, ou encore \u00e0 la lutte contre les discriminations, car ces plateformes ne transforment en aucun cas le syst\u00e8me qui les causent.<\/p>\n\n\n\n<p>La synth\u00e8se \u00ab avantages et inconv\u00e9nients \u00bb du rapport, r\u00e9dig\u00e9e du point de vue du consommateur est aussi tr\u00e8s r\u00e9v\u00e9latrice. Un seul avantage transparait vraiment dans le document, celui de l\u2019acheteur qui peut profiter d\u2019un service rapide et facile. Un deuxi\u00e8me avantage se dessine peut-\u00eatre, celui pour les plateformes qui enregistrent des chiffres d\u2019affaire \u00e0 plusieurs milliards d\u2019euros chaque ann\u00e9e.<\/p>\n\n\n\n<p>Pour nous \u00e9videmment, les dangers relev\u00e9s par l&#8217;Assembl\u00e9e citoyenne sont beaucoup plus grands : d\u00e9r\u00e8glementation du travail, mise en danger du commerce de proximit\u00e9, remise au secteur priv\u00e9 du soin aux personnes en manque d\u2019autonomie, rupture des liens sociaux et promotion d\u2019une soci\u00e9t\u00e9 de plus en plus individualiste&#8230;&nbsp;<\/p>\n\n\n\n<p>Beaucoup des solutions que propose l\u2019Assembl\u00e9e citoyenne d\u00e9pendent de la loi et nous ne pouvons pas les appliquer directement, mais certaines font \u00e9cho \u00e0 des mesures locales qui nous int\u00e9ressent, comme la citoyennet\u00e9 locale ou encore le d\u00e9veloppement de cuisines solidaires.<\/p>\n\n\n\n<p>Notre groupe est pr\u00eat \u00e0 poursuivre ce travail et \u00e0 explorer les pistes propos\u00e9es par l\u2019Assembl\u00e9e citoyenne. Car pendant que nous d\u00e9battons, le gouvernement, lui tarde \u00e0 sortir le d\u00e9cret cens\u00e9 permettre de r\u00e9guler ces commerces.<\/p>\n\n\n\n<p>Peut-\u00eatre, faut-il voir un possible lien entre la timidit\u00e9 du gouvernement \u00e0 r\u00e9guler, et les r\u00e9v\u00e9lations des <em>Uberfiles<\/em>, sorties cet \u00e9t\u00e9 et bien vite \u00e9vacu\u00e9es, qui ont montr\u00e9 les rendez-vous r\u00e9guliers d\u2019Emmanuel Macron avec ces grandes plateformes pour faciliter leur implantation en France.<\/p>\n","protected":false},"excerpt":{"rendered":"<p>Par Mathieu GARABEDIAN Je veux tout d\u2019abord saluer l\u2019\u00e9norme travail produit par l\u2019Assembl\u00e9e citoyenne. Le document est bien construit, tr\u00e8s agr\u00e9able \u00e0 lire, et montre les nombreuses pistes encore \u00e0 creuser. Nous sommes tr\u00e8s fiers de constater par l\u2019exemple que la participation de nos concitoyens et concitoyennes \u00e0 la fabrique directe de propositions de politiques&#8230;<\/p>\n","protected":false},"author":1,"featured_media":0,"comment_status":"open","ping_status":"open","sticky":false,"template":"","format":"standard","meta":[],"categories":[161,7],"tags":[36],"_links":{"self":[{"href":"https:\/\/villeurbanne-insoumise-ensemble.fr\/index.php?rest_route=\/wp\/v2\/posts\/1227"}],"collection":[{"href":"https:\/\/villeurbanne-insoumise-ensemble.fr\/index.php?rest_route=\/wp\/v2\/posts"}],"about":[{"href":"https:\/\/villeurbanne-insoumise-ensemble.fr\/index.php?rest_route=\/wp\/v2\/types\/post"}],"author":[{"embeddable":true,"href":"https:\/\/villeurbanne-insoumise-ensemble.fr\/index.php?rest_route=\/wp\/v2\/users\/1"}],"replies":[{"embeddable":true,"href":"https:\/\/villeurbanne-insoumise-ensemble.fr\/index.php?rest_route=%2Fwp%2Fv2%2Fcomments&post=1227"}],"version-history":[{"count":2,"href":"https:\/\/villeurbanne-insoumise-ensemble.fr\/index.php?rest_route=\/wp\/v2\/posts\/1227\/revisions"}],"predecessor-version":[{"id":1239,"href":"https:\/\/villeurbanne-insoumise-ensemble.fr\/index.php?rest_route=\/wp\/v2\/posts\/1227\/revisions\/1239"}],"wp:attachment":[{"href":"https:\/\/villeurbanne-insoumise-ensemble.fr\/index.php?rest_route=%2Fwp%2Fv2%2Fmedia&parent=1227"}],"wp:term":[{"taxonomy":"category","embeddable":true,"href":"https:\/\/villeurbanne-insoumise-ensemble.fr\/index.php?rest_route=%2Fwp%2Fv2%2Fcategories&post=1227"},{"taxonomy":"post_tag","embeddable":true,"href":"https:\/\/villeurbanne-insoumise-ensemble.fr\/index.php?rest_route=%2Fwp%2Fv2%2Ftags&post=1227"}],"curies":[{"name":"wp","href":"https:\/\/api.w.org\/{rel}","templated":true}]}}