{"id":1225,"date":"2022-12-16T14:44:59","date_gmt":"2022-12-16T13:44:59","guid":{"rendered":"https:\/\/villeurbanne-insoumise-ensemble.fr\/?p=1225"},"modified":"2023-11-21T11:10:08","modified_gmt":"2023-11-21T10:10:08","slug":"nous-investissons-pour-le-present-et-lavenir","status":"publish","type":"post","link":"https:\/\/villeurbanne-insoumise-ensemble.fr\/?p=1225","title":{"rendered":"Nous investissons pour le pr\u00e9sent et l&#8217;avenir !"},"content":{"rendered":"\n<p><em>Par Morgane GUILLAS<\/em><\/p>\n\n\n\n<figure class=\"wp-block-embed is-type-video is-provider-youtube wp-block-embed-youtube wp-embed-aspect-16-9 wp-has-aspect-ratio\"><div class=\"wp-block-embed__wrapper\">\n<iframe loading=\"lazy\" title=\"Morgane GUILLAS - Nous investissons pour le pr\u00e9sent et l&#039;avenir !\" width=\"640\" height=\"360\" src=\"https:\/\/www.youtube.com\/embed\/EGQyenW8f8E?feature=oembed\" frameborder=\"0\" allow=\"accelerometer; autoplay; clipboard-write; encrypted-media; gyroscope; picture-in-picture\" allowfullscreen><\/iframe>\n<\/div><\/figure>\n\n\n\n<p>En augmentant de pr\u00e8s de 15% notre budget, nous faisons honneur \u00e0 notre mission de service public.<\/p>\n\n\n\n<p>Alors que les prix de l\u2019alimentation ont augment\u00e9 de 12% en un an et que ceux de l\u2019\u00e9lectricit\u00e9, sans bouclier tarifaire, seraient multipli\u00e9s par 3, nous choisissons de continuer \u00e0 investir pour mieux prot\u00e9ger et am\u00e9liorer les conditions de vie des villeurbannais et villeurbannaises. Malgr\u00e9 ce contexte, nous cr\u00e9ons 55 nouveaux postes qui nous aideront \u00e0 mettre en \u0153uvre ces politiques publiques. Car c\u2019est une v\u00e9ritable transformation de Villeurbanne que nous souhaitons : g\u00e9rer la ville n\u2019est pas suffisant, il faut la guider !<\/p>\n\n\n\n<p>Nous investissons donc dans le pr\u00e9sent et pour l\u2019avenir.&nbsp;<\/p>\n\n\n\n<p>D\u2019abord, nous investissons dans l\u2019adaptation et la lutte contre le changement climatique. Nous cr\u00e9ons des espaces verts, naturels et publics, comme le futur parc sur le site actuel de l\u2019ACI. Nous enlevons le bitume qui se transforme en radiateur pendant les canicules, pour baisser les temp\u00e9ratures et faire en sorte que l\u2019eau vienne directement abreuver la v\u00e9g\u00e9tation qui elle-m\u00eame nous rafraichira.<\/p>\n\n\n\n<p>Nous investissons dans les \u00e9conomies d\u2019\u00e9nergie, en travaillant dans un premier temps sur le plus simple et le plus rapide \u00e0 r\u00e9aliser, c\u2019est-\u00e0-dire les habitudes de consommation \u00e9nerg\u00e9tique. Parall\u00e8lement, nous continuons de lancer des \u00e9tudes et des travaux pour la r\u00e9novation \u00e9nerg\u00e9tique des b\u00e2timents municipaux.<\/p>\n\n\n\n<p>Nous investissons dans la solidarit\u00e9, en programmant la cr\u00e9ation de la Maison de l\u2019\u00e9galit\u00e9 et des droits, pour lutter contre les discriminations et offrir un lieu de ressources commun o\u00f9 se croiseront comp\u00e9tences et associations. Nous poursuivons l\u2019investissement dans le tiers-lieu alimentaire \u00e0 Rapha\u00ebl de Barros, pour que plus personne n\u2019ait faim \u00e0 Villeurbanne.<\/p>\n\n\n\n<p>Nous investissons dans la petite enfance et dans l\u2019\u00e9ducation, en anticipant la construction de la future \u00e9cole Grandcl\u00e9ment, en finan\u00e7ant des travaux dans tous les groupes scolaires, ou encore en mettant plus de moyens pour revaloriser les salaires des postes d\u2019animateurs.<\/p>\n\n\n\n<p>Et nous investissons aussi pour donner un peu plus de pouvoir direct aux villeurbannais et villeurbannaises, gr\u00e2ce \u00e0 la troisi\u00e8me \u00e9dition du budget participatif et au travail continu de l\u2019Assembl\u00e9e citoyenne, comme nous avons pu le voir pr\u00e9c\u00e9demment.&nbsp;<\/p>\n\n\n\n<p>Pourtant, tous nos investissements se r\u00e9alisent dans un contexte toujours plus difficile. L\u2019\u00e9tau financier dans lequel l\u2019\u00c9tat nous enferme est de plus en plus \u00e9troit et nous rend chaque ann\u00e9e plus d\u00e9pendants de ses compensations. Ces derni\u00e8res ann\u00e9es, nous avons vu dispara\u00eetre la taxe d\u2019habitation. Elle est compens\u00e9e \u00e0 la fois par la m\u00e9tropole et par l\u2019\u00c9tat, avec un m\u00e9canisme qui rend encore plus complexe la compr\u00e9hension des finances locales. Jamais avare d\u2019id\u00e9es pour ass\u00e9cher les comptes des collectivit\u00e9s territoriales, le pr\u00e9sident a aussi d\u00e9cid\u00e9 la suppression de la CVAE qui rapportait pourtant 18 milliards d\u2019euros \u00e0 l\u2019\u00e9chelle nationale.&nbsp;<\/p>\n\n\n\n<p>On passe d\u2019ailleurs d\u2019une fiscalit\u00e9 li\u00e9e au territoire, avec des contributions pay\u00e9es par les entreprises et les habitants d\u2019une commune pour les investissements de cette m\u00eame commune, \u00e0 une fiscalit\u00e9 li\u00e9e \u00e0 la consommation. Car c\u2019est avec la TVA que l\u2019\u00c9tat entend compenser ces suppressions d\u2019imp\u00f4t. C\u2019est donc le consommateur qui finance les investissements publics, et on sait que c&#8217;est l&#8217;imp\u00f4t le plus injuste socialement parlant. O\u00f9 est la place du citoyen dans ce dispositif ? Comment peut-on pr\u00f4ner la sobri\u00e9t\u00e9 avec ces r\u00e9flexions ?<\/p>\n\n\n\n<p>La facture est sal\u00e9e pour l\u2019\u00c9tat. En compensant ce manque \u00e0 gagner aux collectivit\u00e9s, il augmente son d\u00e9ficit de 25 milliards d\u2019euros annuels et organise sa propre disette financi\u00e8re, pour mieux justifier les mesures d\u2019aust\u00e9rit\u00e9 \u00e0 venir. Nous sommes entra\u00een\u00e9s malgr\u00e9 nous&nbsp;dans cette cure d\u2019aust\u00e9rit\u00e9. Heureusement que le S\u00e9nat a rejet\u00e9 en d\u00e9but de mois le pacte de confiance que madame Borne voulait nous imposer par un \u00e9ni\u00e8me 49.3, et qui nous aurait encore plus forc\u00e9s \u00e0 nous restreindre dans nos investissements. Et aujourd&#8217;hui, c&#8217;est une dixi\u00e8me 49.3 qui est malheureusement pass\u00e9. On pourrait parler de carton plein, mais un carton plein qui pi\u00e9tine notre d\u00e9mocratie ! Le gouvernement garde un cap de r\u00e9duction du d\u00e9ficit national qui retombera tr\u00e8s certainement, m\u00eame si ce n&#8217;est pas ce que je souhaite, dans les ann\u00e9es \u00e0 venir sur les collectivit\u00e9s.<\/p>\n\n\n\n<p>Comme je le signalais, nous sommes pourtant dans un contexte d\u2019augmentation historique des co\u00fbts de l\u2019\u00e9nergie que la ville subit aussi comme tous les habitants et toutes les entreprises. Nos d\u00e9penses li\u00e9es aux fluides ont augment\u00e9 de presque 40% en un an, dont plus de la moiti\u00e9 est li\u00e9e \u00e0 celles de l\u2019\u00e9lectricit\u00e9 et du gaz. Et ces d\u00e9penses devraient encore augmenter de 50% en 2023 !&nbsp;&nbsp;<\/p>\n\n\n\n<p>Nous, \u00e9lus comme les militants que vous avez pu croiser en rentrant dans la salle du conseil, continuons donc de sonner l\u2019alerte. L\u2019\u00c9tat donne toujours plus de responsabilit\u00e9s aux communes mais en se d\u00e9sengageant de ses comp\u00e9tences. Il baisse leurs moyens et les marges de man\u0153uvre que nous avons. Le r\u00e9sultat, c\u2019est que nous avons de plus en plus de politiques publiques \u00e0 mener, alors m\u00eame qu\u2019on nous retire les moyens financiers pour les r\u00e9aliser. C\u2019est une v\u00e9ritable asphyxie des services publics qui s&#8217;organise par le gouvernement. Alors que la libre administration des collectivit\u00e9s est constitutionnelle, dans les faits, c\u2019est ce principe m\u00eame qui est mis en danger.<\/p>\n","protected":false},"excerpt":{"rendered":"<p>Par Morgane GUILLAS En augmentant de pr\u00e8s de 15% notre budget, nous faisons honneur \u00e0 notre mission de service public. Alors que les prix de l\u2019alimentation ont augment\u00e9 de 12% en un an et que ceux de l\u2019\u00e9lectricit\u00e9, sans bouclier tarifaire, seraient multipli\u00e9s par 3, nous choisissons de continuer \u00e0 investir pour mieux prot\u00e9ger et&#8230;<\/p>\n","protected":false},"author":1,"featured_media":0,"comment_status":"open","ping_status":"open","sticky":false,"template":"","format":"standard","meta":[],"categories":[161,7],"tags":[84],"_links":{"self":[{"href":"https:\/\/villeurbanne-insoumise-ensemble.fr\/index.php?rest_route=\/wp\/v2\/posts\/1225"}],"collection":[{"href":"https:\/\/villeurbanne-insoumise-ensemble.fr\/index.php?rest_route=\/wp\/v2\/posts"}],"about":[{"href":"https:\/\/villeurbanne-insoumise-ensemble.fr\/index.php?rest_route=\/wp\/v2\/types\/post"}],"author":[{"embeddable":true,"href":"https:\/\/villeurbanne-insoumise-ensemble.fr\/index.php?rest_route=\/wp\/v2\/users\/1"}],"replies":[{"embeddable":true,"href":"https:\/\/villeurbanne-insoumise-ensemble.fr\/index.php?rest_route=%2Fwp%2Fv2%2Fcomments&post=1225"}],"version-history":[{"count":3,"href":"https:\/\/villeurbanne-insoumise-ensemble.fr\/index.php?rest_route=\/wp\/v2\/posts\/1225\/revisions"}],"predecessor-version":[{"id":1240,"href":"https:\/\/villeurbanne-insoumise-ensemble.fr\/index.php?rest_route=\/wp\/v2\/posts\/1225\/revisions\/1240"}],"wp:attachment":[{"href":"https:\/\/villeurbanne-insoumise-ensemble.fr\/index.php?rest_route=%2Fwp%2Fv2%2Fmedia&parent=1225"}],"wp:term":[{"taxonomy":"category","embeddable":true,"href":"https:\/\/villeurbanne-insoumise-ensemble.fr\/index.php?rest_route=%2Fwp%2Fv2%2Fcategories&post=1225"},{"taxonomy":"post_tag","embeddable":true,"href":"https:\/\/villeurbanne-insoumise-ensemble.fr\/index.php?rest_route=%2Fwp%2Fv2%2Ftags&post=1225"}],"curies":[{"name":"wp","href":"https:\/\/api.w.org\/{rel}","templated":true}]}}