{"id":1223,"date":"2022-12-16T14:43:45","date_gmt":"2022-12-16T13:43:45","guid":{"rendered":"https:\/\/villeurbanne-insoumise-ensemble.fr\/?p=1223"},"modified":"2023-11-23T11:50:19","modified_gmt":"2023-11-23T10:50:19","slug":"ce-budget-participatif-cest-le-votre","status":"publish","type":"post","link":"https:\/\/villeurbanne-insoumise-ensemble.fr\/?p=1223","title":{"rendered":"Ce budget participatif, c&#8217;est le v\u00f4tre !"},"content":{"rendered":"\n<p><em>Par Aurore GORRIQUER<\/em><\/p>\n\n\n\n<figure class=\"wp-block-embed is-type-video is-provider-youtube wp-block-embed-youtube wp-embed-aspect-16-9 wp-has-aspect-ratio\"><div class=\"wp-block-embed__wrapper\">\n<iframe loading=\"lazy\" title=\"Aurore GORRIQUER - Ce budget participatif, c&#039;est le v\u00f4tre !\" width=\"640\" height=\"360\" src=\"https:\/\/www.youtube.com\/embed\/Yjzuy5cF84c?feature=oembed\" frameborder=\"0\" allow=\"accelerometer; autoplay; clipboard-write; encrypted-media; gyroscope; picture-in-picture\" allowfullscreen><\/iframe>\n<\/div><\/figure>\n\n\n\n<p>Le budget participatif 2022 s&#8217;ach\u00e8ve et nous annon\u00e7ons aujourd&#8217;hui les laur\u00e9ats. Mon groupe et moi-m\u00eame f\u00e9licitons ces porteurs de projets.<\/p>\n\n\n\n<p>Des laur\u00e9ats qui refl\u00e8tent nos politiques publiques, comme le secteur public des biens communs avec l&#8217;acc\u00e8s \u00e0 l&#8217;eau pour toutes et tous, la limitation de son bilan carbone avec les v\u00e9los cargos \u00e0 louer, la cr\u00e9ation de liens entre les personnes avec le four communal des Brosses, ou encore la solidarit\u00e9 et l&#8217;inclusion, avec un tiers-lieu solidaire entre exil\u00e9es et habitantes de Villeurbanne ou l&#8217;espace de jeu inclusif au Tonkin.<\/p>\n\n\n\n<p>Je souhaite aussi f\u00e9liciter toute les propositions non retenues qui ont aliment\u00e9 ce budget participatif, en particulier sur un sujet qui me tient particuli\u00e8rement \u00e0 c\u0153ur, le handicap. J&#8217;ai vu quelques belles id\u00e9es telles que des plans en relief pour aider \u00e0 se rep\u00e9rer dans la ville, des balades en v\u00e9los pour des personnes \u00e0 mobilit\u00e9 r\u00e9duite, et tant d&#8217;autres sur beaucoup d&#8217;autres sujets divers, qui int\u00e9ressent les Villeurbannais et les Villeurbannaises comme encore la culture.<\/p>\n\n\n\n<p>Ce budget participatif c&#8217;est le v\u00f4tre, ce n&#8217;est pas qu&#8217;un outil de financement. C&#8217;est aussi un espace de libert\u00e9 ou vous pouvez proposer vos envies pour le Villeurbanne de demain.<\/p>\n\n\n\n<p>Pour celles et ceux qui n&#8217;ont pas \u00e9t\u00e9 s\u00e9lectionn\u00e9s, soyez fiers d&#8217;avoir port\u00e9 le projet qui vous tient \u00e0 c\u0153ur et, peut-\u00eatre, d&#8217;avoir sensibilis\u00e9 plus de personnes que vous ne le croyez.<\/p>\n\n\n\n<p>Le budget citoyen, c&#8217;est aussi un plus pour les \u00e9lu.e.s. On prend connaissance de toutes ces propositions et de ces laur\u00e9ats pour mieux comprendre les attentes de ces citoyens et citoyennes. Nous avons besoin de l&#8217;expression citoyenne, et pas seulement lors des votes dans les urnes. C&#8217;est cette expression qui nous porte dans nos actions et qui peut nous aider \u00e0 prioriser les projets qui sortent au cours de ce mandat.<\/p>\n\n\n\n<p>Pour finir, je remercie au nom de mon groupe toutes les personnes qui rendent ce budget participatif possible, des citoyens porteurs de projets, aux services et \u00e0 tous les votants. Nous attendons avec impatience la saison 2023 !<\/p>\n","protected":false},"excerpt":{"rendered":"<p>Par Aurore GORRIQUER Le budget participatif 2022 s&#8217;ach\u00e8ve et nous annon\u00e7ons aujourd&#8217;hui les laur\u00e9ats. Mon groupe et moi-m\u00eame f\u00e9licitons ces porteurs de projets. Des laur\u00e9ats qui refl\u00e8tent nos politiques publiques, comme le secteur public des biens communs avec l&#8217;acc\u00e8s \u00e0 l&#8217;eau pour toutes et tous, la limitation de son bilan carbone avec les v\u00e9los cargos&#8230;<\/p>\n","protected":false},"author":1,"featured_media":0,"comment_status":"open","ping_status":"open","sticky":false,"template":"","format":"standard","meta":[],"categories":[161,7],"tags":[84,36],"_links":{"self":[{"href":"https:\/\/villeurbanne-insoumise-ensemble.fr\/index.php?rest_route=\/wp\/v2\/posts\/1223"}],"collection":[{"href":"https:\/\/villeurbanne-insoumise-ensemble.fr\/index.php?rest_route=\/wp\/v2\/posts"}],"about":[{"href":"https:\/\/villeurbanne-insoumise-ensemble.fr\/index.php?rest_route=\/wp\/v2\/types\/post"}],"author":[{"embeddable":true,"href":"https:\/\/villeurbanne-insoumise-ensemble.fr\/index.php?rest_route=\/wp\/v2\/users\/1"}],"replies":[{"embeddable":true,"href":"https:\/\/villeurbanne-insoumise-ensemble.fr\/index.php?rest_route=%2Fwp%2Fv2%2Fcomments&post=1223"}],"version-history":[{"count":3,"href":"https:\/\/villeurbanne-insoumise-ensemble.fr\/index.php?rest_route=\/wp\/v2\/posts\/1223\/revisions"}],"predecessor-version":[{"id":1237,"href":"https:\/\/villeurbanne-insoumise-ensemble.fr\/index.php?rest_route=\/wp\/v2\/posts\/1223\/revisions\/1237"}],"wp:attachment":[{"href":"https:\/\/villeurbanne-insoumise-ensemble.fr\/index.php?rest_route=%2Fwp%2Fv2%2Fmedia&parent=1223"}],"wp:term":[{"taxonomy":"category","embeddable":true,"href":"https:\/\/villeurbanne-insoumise-ensemble.fr\/index.php?rest_route=%2Fwp%2Fv2%2Fcategories&post=1223"},{"taxonomy":"post_tag","embeddable":true,"href":"https:\/\/villeurbanne-insoumise-ensemble.fr\/index.php?rest_route=%2Fwp%2Fv2%2Ftags&post=1223"}],"curies":[{"name":"wp","href":"https:\/\/api.w.org\/{rel}","templated":true}]}}