{"id":1221,"date":"2022-12-16T14:44:04","date_gmt":"2022-12-16T13:44:04","guid":{"rendered":"https:\/\/villeurbanne-insoumise-ensemble.fr\/?p=1221"},"modified":"2023-11-23T11:50:28","modified_gmt":"2023-11-23T10:50:28","slug":"pour-un-remboursement-100-secu","status":"publish","type":"post","link":"https:\/\/villeurbanne-insoumise-ensemble.fr\/?p=1221","title":{"rendered":"Pour un remboursement 100% S\u00e9cu !"},"content":{"rendered":"\n<p><em>Par Ga\u00ebtan CONSTANT<\/em><\/p>\n\n\n\n<figure class=\"wp-block-embed is-type-video is-provider-youtube wp-block-embed-youtube wp-embed-aspect-16-9 wp-has-aspect-ratio\"><div class=\"wp-block-embed__wrapper\">\n<iframe loading=\"lazy\" title=\"Ga\u00ebtan CONSTANT - Pour un remboursement 100 % S\u00e9cu !\" width=\"640\" height=\"360\" src=\"https:\/\/www.youtube.com\/embed\/oj1zQYeH6AU?feature=oembed\" frameborder=\"0\" allow=\"accelerometer; autoplay; clipboard-write; encrypted-media; gyroscope; picture-in-picture\" allowfullscreen><\/iframe>\n<\/div><\/figure>\n\n\n\n<p>Je pense qu\u2019on le voit tous et toutes en faisant nos courses, les prix continuent \u00e0 exploser et nos porte-monnaie sont de plus en plus l\u00e9gers. Mieux prendre en charge la&nbsp; compl\u00e9mentaire sant\u00e9 des fonctionnaires de la ville, c\u2019est donc leur donner plus de marge de man\u0153uvre sur leur budget au quotidien et am\u00e9liorer leur prise en charge pour \u00e9viter le non recours aux soins. C\u2019est tr\u00e8s important et on y est bien s\u00fbr favorables !<\/p>\n\n\n\n<p>Ceci \u00e9tant dit, le mod\u00e8le des mutuelles et de la pr\u00e9voyance priv\u00e9s laisse de c\u00f4t\u00e9 des millions de personnes et entra\u00eene le non recours aux soins. Pour toutes les personnes qui n\u2019ont pas d\u2019emploi ou qui ne sont pas de la famille d&#8217;une personne couverte, pas d\u2019aide pour la mutuelle. \u00c9tudiants, ch\u00f4meurs, retrait\u00e9s : pour eux, c\u2019est 100% de reste \u00e0 charge. D\u2019ailleurs la participation des collectivit\u00e9s n\u2019est pour le moment pas obligatoire, elle ne le sera qu\u2019en 2025 pour la pr\u00e9voyance et 2026 pour la mutuelle. Et c\u2019est totalement injuste : ce sont les personnes les plus fragiles qui sont aussi celles qui sont le moins bien couvertes, et donc le moins bien rembours\u00e9es. A ce compte-l\u00e0, pas \u00e9tonnant qu\u2019en France, des centaines de milliers de personnes renoncent \u00e0 se faire soigner. C\u2019est d\u2019autant plus vrai que l\u2019existence des mutuelles priv\u00e9es encourage l\u2019\u00c9tat \u00e0 moins rembourser avec la S\u00e9cu, puisque les mutuelles prennent en charge la partie non rembours\u00e9e par le syst\u00e8me public. Le prix des m\u00e9dicaments n\u2019est lui aussi pas r\u00e9gul\u00e9 alors que des laboratoires profitent de la s\u00e9curit\u00e9 sociale et des compl\u00e9mentaires sant\u00e9 pour faire des profits pharamineux.&nbsp;&nbsp;<\/p>\n\n\n\n<p>Plut\u00f4t que de continuer avec un syst\u00e8me compliqu\u00e9, qui demande beaucoup plus de d\u00e9marches pour les administrations et les particuliers, qui multiplie les co\u00fbts de gestion par deux, et qui est in\u00e9galitaire, on ferait mieux d\u2019int\u00e9grer toutes les compl\u00e9mentaires sant\u00e9 dans la s\u00e9curit\u00e9 sociale, pour une protection sociale universelle et publique. C\u2019\u00e9tait d\u2019ailleurs une des options sugg\u00e9r\u00e9es il y a un an par Le Haut Conseil pour l\u2019Avenir de l\u2019Assurance Maladie. Un remboursement \u00ab 100% S\u00e9cu \u00bb, c\u2019est une mesure solidaire, \u00e9conomique et en plus, simple \u00e0 financer, puisqu\u2019on ne ferait que rediriger l\u2019argent donn\u00e9 aujourd\u2019hui au priv\u00e9 vers le public. On ferait m\u00eame l\u2019\u00e9conomie des frais de marketing. Que du bonus !<\/p>\n\n\n\n<p>En attendant que la gauche prenne l\u2019\u00c9lys\u00e9e, nous voterons pour cette d\u00e9lib\u00e9ration.<\/p>\n","protected":false},"excerpt":{"rendered":"<p>Par Ga\u00ebtan CONSTANT Je pense qu\u2019on le voit tous et toutes en faisant nos courses, les prix continuent \u00e0 exploser et nos porte-monnaie sont de plus en plus l\u00e9gers. Mieux prendre en charge la&nbsp; compl\u00e9mentaire sant\u00e9 des fonctionnaires de la ville, c\u2019est donc leur donner plus de marge de man\u0153uvre sur leur budget au quotidien&#8230;<\/p>\n","protected":false},"author":1,"featured_media":0,"comment_status":"open","ping_status":"open","sticky":false,"template":"","format":"standard","meta":[],"categories":[161,7],"tags":[140],"_links":{"self":[{"href":"https:\/\/villeurbanne-insoumise-ensemble.fr\/index.php?rest_route=\/wp\/v2\/posts\/1221"}],"collection":[{"href":"https:\/\/villeurbanne-insoumise-ensemble.fr\/index.php?rest_route=\/wp\/v2\/posts"}],"about":[{"href":"https:\/\/villeurbanne-insoumise-ensemble.fr\/index.php?rest_route=\/wp\/v2\/types\/post"}],"author":[{"embeddable":true,"href":"https:\/\/villeurbanne-insoumise-ensemble.fr\/index.php?rest_route=\/wp\/v2\/users\/1"}],"replies":[{"embeddable":true,"href":"https:\/\/villeurbanne-insoumise-ensemble.fr\/index.php?rest_route=%2Fwp%2Fv2%2Fcomments&post=1221"}],"version-history":[{"count":3,"href":"https:\/\/villeurbanne-insoumise-ensemble.fr\/index.php?rest_route=\/wp\/v2\/posts\/1221\/revisions"}],"predecessor-version":[{"id":1238,"href":"https:\/\/villeurbanne-insoumise-ensemble.fr\/index.php?rest_route=\/wp\/v2\/posts\/1221\/revisions\/1238"}],"wp:attachment":[{"href":"https:\/\/villeurbanne-insoumise-ensemble.fr\/index.php?rest_route=%2Fwp%2Fv2%2Fmedia&parent=1221"}],"wp:term":[{"taxonomy":"category","embeddable":true,"href":"https:\/\/villeurbanne-insoumise-ensemble.fr\/index.php?rest_route=%2Fwp%2Fv2%2Fcategories&post=1221"},{"taxonomy":"post_tag","embeddable":true,"href":"https:\/\/villeurbanne-insoumise-ensemble.fr\/index.php?rest_route=%2Fwp%2Fv2%2Ftags&post=1221"}],"curies":[{"name":"wp","href":"https:\/\/api.w.org\/{rel}","templated":true}]}}