{"id":1217,"date":"2022-11-01T13:39:00","date_gmt":"2022-11-01T12:39:00","guid":{"rendered":"https:\/\/villeurbanne-insoumise-ensemble.fr\/?p=1217"},"modified":"2023-11-23T11:49:11","modified_gmt":"2023-11-23T10:49:11","slug":"comment-economiser-95-milliards-deuros","status":"publish","type":"post","link":"https:\/\/villeurbanne-insoumise-ensemble.fr\/?p=1217","title":{"rendered":"Comment \u00e9conomiser 95 milliards d\u2019euros ?"},"content":{"rendered":"\n<p>Un f\u00e9minicide en ao\u00fbt et une tentative le 15 octobre : Villeurbanne n&#8217;est pas \u00e9pargn\u00e9e par les assassinats. Comme il n&#8217;y a pas de fronti\u00e8res g\u00e9ographiques aux violences sexistes et sexuelles, elles n&#8217;ont pas non plus de fronti\u00e8res sociales ni de situation. On les retrouve dans toutes les classes et dans tous les aspects de la vie : au travail, dans les transports, ou chez soi.<\/p>\n\n\n\n<p>Les associations f\u00e9ministes le r\u00e9clament \u00e0 raison : il faut d&#8217;urgence investir 1 milliard d&#8217;euros pour lutter contre ces violences. D&#8217;abord en formant les policier.e.s qui accueillent les victimes, pour leur \u00e9viter de mauvais traitements. Ensuite, pour prendre en charge ces femmes avec des places d&#8217;h\u00e9bergement. Et enfin, en mettant des moyens pour suivre les agresseurs et \u00e9viter les r\u00e9cidives. La r\u00e9ponse judiciaire doit aussi \u00eatre \u00e0 la hauteur. Alors que le viol est un crime et est s\u00e9v\u00e8rement punissable,&nbsp; rares sont les plaintes, proc\u00e8s, et condamnations. Les raisons sont diverses, mais la loi et la pratique devraient mieux prendre en compte les barri\u00e8res \u00e0 l&#8217;aboutissement des proc\u00e9dures.<\/p>\n\n\n\n<p>Mais tout en r\u00e9pondant aux violences, il faut aussi agir pour leur pr\u00e9vention. Un rapport de l&#8217;inspection g\u00e9n\u00e9rale de l&#8217;\u00e9ducation nationale l&#8217;admet : <em>&#8220;Moins de 15 % des \u00e9l\u00e8ves b\u00e9n\u00e9ficient de trois s\u00e9ances d\u2019\u00e9ducation \u00e0 la sexualit\u00e9 et \u00e0 la vie affective pendant l\u2019ann\u00e9e scolaire&#8221;,<\/em> comme le pr\u00e9voit la loi. Ces s\u00e9ances seraient pourtant l&#8217;occasion de d\u00e9construire les valeurs virilistes, qui font surtout du mal aux femmes mais aussi aux hommes, et ont un co\u00fbt \u00e9norme pour la soci\u00e9t\u00e9. D&#8217;apr\u00e8s L. Peytavin (Le co\u00fbt de la virilit\u00e9), nous \u00e9conomiserions 95,2 milliards par an si les hommes se comportaient&#8230; comme des femmes.<\/p>\n\n\n\n<p>Il faut bien comprendre qu&#8217;il n&#8217;y a pas d&#8217;un c\u00f4t\u00e9 certaines actions violentes et de l&#8217;autre, certaines qui ne le sont pas. Le <em>continuum <\/em>entre blague sexiste, harc\u00e8lement ou attouchement est issu du m\u00eame syst\u00e8me de domination. Femmes, hommes : nous avons tou.te.s int\u00e9r\u00eat \u00e0 imposer un syst\u00e8me \u00e9galitaire.<\/p>\n","protected":false},"excerpt":{"rendered":"<p>Un f\u00e9minicide en ao\u00fbt et une tentative le 15 octobre : Villeurbanne n&#8217;est pas \u00e9pargn\u00e9e par les assassinats. Comme il n&#8217;y a pas de fronti\u00e8res g\u00e9ographiques aux violences sexistes et sexuelles, elles n&#8217;ont pas non plus de fronti\u00e8res sociales ni de situation. On les retrouve dans toutes les classes et dans tous les aspects de&#8230;<\/p>\n","protected":false},"author":1,"featured_media":0,"comment_status":"open","ping_status":"open","sticky":false,"template":"","format":"standard","meta":[],"categories":[89,17],"tags":[185],"_links":{"self":[{"href":"https:\/\/villeurbanne-insoumise-ensemble.fr\/index.php?rest_route=\/wp\/v2\/posts\/1217"}],"collection":[{"href":"https:\/\/villeurbanne-insoumise-ensemble.fr\/index.php?rest_route=\/wp\/v2\/posts"}],"about":[{"href":"https:\/\/villeurbanne-insoumise-ensemble.fr\/index.php?rest_route=\/wp\/v2\/types\/post"}],"author":[{"embeddable":true,"href":"https:\/\/villeurbanne-insoumise-ensemble.fr\/index.php?rest_route=\/wp\/v2\/users\/1"}],"replies":[{"embeddable":true,"href":"https:\/\/villeurbanne-insoumise-ensemble.fr\/index.php?rest_route=%2Fwp%2Fv2%2Fcomments&post=1217"}],"version-history":[{"count":1,"href":"https:\/\/villeurbanne-insoumise-ensemble.fr\/index.php?rest_route=\/wp\/v2\/posts\/1217\/revisions"}],"predecessor-version":[{"id":1218,"href":"https:\/\/villeurbanne-insoumise-ensemble.fr\/index.php?rest_route=\/wp\/v2\/posts\/1217\/revisions\/1218"}],"wp:attachment":[{"href":"https:\/\/villeurbanne-insoumise-ensemble.fr\/index.php?rest_route=%2Fwp%2Fv2%2Fmedia&parent=1217"}],"wp:term":[{"taxonomy":"category","embeddable":true,"href":"https:\/\/villeurbanne-insoumise-ensemble.fr\/index.php?rest_route=%2Fwp%2Fv2%2Fcategories&post=1217"},{"taxonomy":"post_tag","embeddable":true,"href":"https:\/\/villeurbanne-insoumise-ensemble.fr\/index.php?rest_route=%2Fwp%2Fv2%2Ftags&post=1217"}],"curies":[{"name":"wp","href":"https:\/\/api.w.org\/{rel}","templated":true}]}}