{"id":1200,"date":"2022-11-23T11:31:24","date_gmt":"2022-11-23T10:31:24","guid":{"rendered":"https:\/\/villeurbanne-insoumise-ensemble.fr\/?p=1200"},"modified":"2023-11-23T11:49:41","modified_gmt":"2023-11-23T10:49:41","slug":"cantines-nous-devons-instaurer-la-gratuite","status":"publish","type":"post","link":"https:\/\/villeurbanne-insoumise-ensemble.fr\/?p=1200","title":{"rendered":"Cantines : nous devons instaurer la gratuit\u00e9 !"},"content":{"rendered":"\n<p><em>Par Agathe FORT<\/em><\/p>\n\n\n\n<figure class=\"wp-block-embed is-type-video is-provider-youtube wp-block-embed-youtube wp-embed-aspect-16-9 wp-has-aspect-ratio\"><div class=\"wp-block-embed__wrapper\">\n<iframe loading=\"lazy\" title=\"Agathe FORT - Cantines : nous devons instaurer la gratuit\u00e9 !\" width=\"640\" height=\"360\" src=\"https:\/\/www.youtube.com\/embed\/ZOE_cyQLzfo?feature=oembed\" frameborder=\"0\" allow=\"accelerometer; autoplay; clipboard-write; encrypted-media; gyroscope; picture-in-picture\" allowfullscreen><\/iframe>\n<\/div><\/figure>\n\n\n\n<p>\u00ab&nbsp;<em>La Nation garantit l&#8217;\u00e9gal acc\u00e8s de l&#8217;enfant et de l&#8217;adulte \u00e0 l&#8217;instruction [\u2026]. L&#8217;organisation de l&#8217;enseignement public gratuit et la\u00efque \u00e0 tous les degr\u00e9s est un devoir de l&#8217;Etat.<\/em>&nbsp;\u00bb Cette promesse, c\u2019est celle du pr\u00e9ambule de la Constitution de 1946. Pourtant en 2015, et cela n\u2019a fait qu\u2019augmenter depuis, les familles des \u00e9coliers d\u00e9pensaient en moyenne 580\u20ac par an dans l\u2019\u00e9ducation de leur enfant, et le premier poste de d\u00e9pense est la cantine.<\/p>\n\n\n\n<p>Tous les ans, nous votons cette remise gracieuse des frais de cantine. Mais combien de d\u00e9marches les familles auront-elles eu \u00e0 r\u00e9aliser avant que nous n\u2019annulions leur dette&nbsp;? Combien de semaines auront-elles pass\u00e9 \u00e0 angoisser, \u00e0 se demander comment elles pourront payer la nourriture de leur enfant&nbsp;? Faut-il que nous ajoutions \u00e0 leur d\u00e9tresse financi\u00e8re la violence de se voir offrir&nbsp; la charit\u00e9&nbsp;?<\/p>\n\n\n\n<p>Pour lutter contre les in\u00e9galit\u00e9s et respecter la dignit\u00e9 humaine, nous devons changer compl\u00e8tement de logique. \u00catre \u00e9duqu\u00e9 et manger font partie des droits humains fondamentaux, qui devraient \u00eatre accessibles \u00e0 tous sans conditions. Plut\u00f4t que de faire se sentir coupables des enfants qui savent que leur famille ne pourra pas payer le repas qu\u2019ils sont en train de manger, nous devrions instaurer une gratuit\u00e9, dans un premier temps pour tous les d\u00e9munis. Au lieu de tarifs solidaires, qui rappellent toujours les pauvres \u00e0 leur pauvret\u00e9, la gratuit\u00e9 simplifierait les processus administratifs pour eux comme pour la mairie, \u00e9viterait le non recours, et soulagerait les familles comme les enfants.<\/p>\n\n\n\n<p>En attendant de pouvoir financer la gratuit\u00e9 des services publics et une meilleure r\u00e9partition des richesses par la cotisation sociale, nous pouvons d\u00e9j\u00e0 agir localement. \u00c0 la ville, nous pouvons d\u2019ores et d\u00e9j\u00e0 revoir la grille tarifaire de fa\u00e7on \u00e0 ce que la r\u00e9partition des frais li\u00e9s \u00e0 la cantine soit mieux faite entre les familles. De cette fa\u00e7on, le tarif d\u2019urgence pourra \u00eatre transform\u00e9 en gratuit\u00e9. En se basant sur le quotient familial, comme nous le faisons d\u00e9j\u00e0, chacun paiera (ou ne paiera pas) sa juste part, \u00e9quitablement. C\u2019est une question de dignit\u00e9 humaine.<\/p>\n","protected":false},"excerpt":{"rendered":"<p>Par Agathe FORT \u00ab&nbsp;La Nation garantit l&#8217;\u00e9gal acc\u00e8s de l&#8217;enfant et de l&#8217;adulte \u00e0 l&#8217;instruction [\u2026]. L&#8217;organisation de l&#8217;enseignement public gratuit et la\u00efque \u00e0 tous les degr\u00e9s est un devoir de l&#8217;Etat.&nbsp;\u00bb Cette promesse, c\u2019est celle du pr\u00e9ambule de la Constitution de 1946. Pourtant en 2015, et cela n\u2019a fait qu\u2019augmenter depuis, les familles des&#8230;<\/p>\n","protected":false},"author":1,"featured_media":0,"comment_status":"open","ping_status":"open","sticky":false,"template":"","format":"standard","meta":[],"categories":[161,7],"tags":[43,180],"_links":{"self":[{"href":"https:\/\/villeurbanne-insoumise-ensemble.fr\/index.php?rest_route=\/wp\/v2\/posts\/1200"}],"collection":[{"href":"https:\/\/villeurbanne-insoumise-ensemble.fr\/index.php?rest_route=\/wp\/v2\/posts"}],"about":[{"href":"https:\/\/villeurbanne-insoumise-ensemble.fr\/index.php?rest_route=\/wp\/v2\/types\/post"}],"author":[{"embeddable":true,"href":"https:\/\/villeurbanne-insoumise-ensemble.fr\/index.php?rest_route=\/wp\/v2\/users\/1"}],"replies":[{"embeddable":true,"href":"https:\/\/villeurbanne-insoumise-ensemble.fr\/index.php?rest_route=%2Fwp%2Fv2%2Fcomments&post=1200"}],"version-history":[{"count":1,"href":"https:\/\/villeurbanne-insoumise-ensemble.fr\/index.php?rest_route=\/wp\/v2\/posts\/1200\/revisions"}],"predecessor-version":[{"id":1201,"href":"https:\/\/villeurbanne-insoumise-ensemble.fr\/index.php?rest_route=\/wp\/v2\/posts\/1200\/revisions\/1201"}],"wp:attachment":[{"href":"https:\/\/villeurbanne-insoumise-ensemble.fr\/index.php?rest_route=%2Fwp%2Fv2%2Fmedia&parent=1200"}],"wp:term":[{"taxonomy":"category","embeddable":true,"href":"https:\/\/villeurbanne-insoumise-ensemble.fr\/index.php?rest_route=%2Fwp%2Fv2%2Fcategories&post=1200"},{"taxonomy":"post_tag","embeddable":true,"href":"https:\/\/villeurbanne-insoumise-ensemble.fr\/index.php?rest_route=%2Fwp%2Fv2%2Ftags&post=1200"}],"curies":[{"name":"wp","href":"https:\/\/api.w.org\/{rel}","templated":true}]}}