{"id":1198,"date":"2022-11-23T11:29:54","date_gmt":"2022-11-23T10:29:54","guid":{"rendered":"https:\/\/villeurbanne-insoumise-ensemble.fr\/?p=1198"},"modified":"2023-11-23T11:49:22","modified_gmt":"2023-11-23T10:49:22","slug":"les-etats-europeens-ne-sont-pas-a-la-hauteur-sur-laccueil-des-migrants","status":"publish","type":"post","link":"https:\/\/villeurbanne-insoumise-ensemble.fr\/?p=1198","title":{"rendered":"Les \u00c9tats europ\u00e9ens ne sont pas \u00e0 la hauteur sur l&#8217;accueil des migrants !"},"content":{"rendered":"\n<p><em>Par Danielle CARASCO<\/em><\/p>\n\n\n\n<figure class=\"wp-block-embed is-type-video is-provider-youtube wp-block-embed-youtube wp-embed-aspect-16-9 wp-has-aspect-ratio\"><div class=\"wp-block-embed__wrapper\">\n<iframe loading=\"lazy\" title=\"Danielle CARASCO - Les \u00c9tats europ\u00e9ens ne sont pas \u00e0 la hauteur sur l&#039;accueil des migrants !\" width=\"640\" height=\"360\" src=\"https:\/\/www.youtube.com\/embed\/QMKg1hyOfLs?feature=oembed\" frameborder=\"0\" allow=\"accelerometer; autoplay; clipboard-write; encrypted-media; gyroscope; picture-in-picture\" allowfullscreen><\/iframe>\n<\/div><\/figure>\n\n\n\n<p>Nous renouvelons cette ann\u00e9e et pour la troisi\u00e8me fois notre soutien essentiel \u00e0 SOS M\u00e9diterran\u00e9e. Comme 85 autres collectivit\u00e9s locales, nous nous engageons dans la plateforme des collectivit\u00e9s solidaires aux c\u00f4t\u00e9s de l&#8217;ONG, pour devenir un maillon de l\u2019inconditionnalit\u00e9 du sauvetage et faire respecter le premier des droits humains : le droit \u00e0 la vie.<\/p>\n\n\n\n<p>L\u2019ann\u00e9e 2021 a \u00e9t\u00e9 particuli\u00e8rement rude. Les garde-c\u00f4tes libyens ont pratiquement multipli\u00e9 par trois leurs interceptions de bateaux au m\u00e9pris du droit maritime international, pour ramener de force les personnes en Libye, o\u00f9 leurs droits sont bafou\u00e9s et o\u00f9 s\u2019exerce contre eux une extr\u00eame violence. Cette ann\u00e9e a d\u2019ailleurs \u00e9t\u00e9 la plus meurtri\u00e8re depuis 2017 en M\u00e9diterran\u00e9e centrale. Malgr\u00e9 tout, SOS M\u00e9diterran\u00e9e a sauv\u00e9 2 832 enfants, femmes, hommes pour 31 op\u00e9rations de sauvetage. C&#8217;est 3 fois plus qu&#8217;en 2020.<\/p>\n\n\n\n<p>Mais la situation humanitaire en M\u00e9diterran\u00e9e demeure extr\u00eamement pr\u00e9occupante. L\u2019association constate toujours que le temps d\u2019attente pour trouver un lieu s\u00fbr pour le d\u00e9barquement est probl\u00e9matique et met les rescap\u00e9s en danger. Ces rescap\u00e9s, ce sont des personnes en d\u00e9tresse qui ont v\u00e9cu des moments traumatisants, et qui ont besoin souvent de soins m\u00e9dicaux et psychologiques. Ces soins ne peuvent pas se r\u00e9aliser en pleine mer, et dans l\u2019incertitude du lendemain.&nbsp;<\/p>\n\n\n\n<p>L\u2019actualit\u00e9 donne malheureusement raison \u00e0 ce constat. Le nouveau gouvernement d\u2019extr\u00eame-droite italien a men\u00e9 une instrumentalisation politique inacceptable en refusant l&#8217;accostage au m\u00e9pris des conventions maritimes internationales. 234 rescap\u00e9s ont \u00e9t\u00e9 bloqu\u00e9s \u00e0 bord de <em>l&#8217;Ocean Viking<\/em> pendant 21 jours, dans une situation critique. Le 10 novembre, le bateau a pu d\u00e9barquer au port de Toulon. Ce fut un immense soulagement pour toutes les personnes \u00e0 bord mais \u00e9galement de l&#8217;amertume et de la col\u00e8re parmi les membres de L&#8217;ONG. En effet, 3 semaines apr\u00e8s le sauvetage, c&#8217;est le r\u00e9sultat d&#8217;un \u00e9chec dramatique de la part de l&#8217;ensemble des \u00c9tats&nbsp; europ\u00e9ens qui ne sont pas \u00e0 la hauteur sur l&#8217;accueil des migrants.<\/p>\n\n\n\n<p>Nous ne pouvons pas intervenir sur ce sujet sans mentionner l\u2019outrage raciste fait \u00e0 l\u2019encontre de Carlos Martens Bilongo \u00e0 l\u2019Assembl\u00e9e nationale alors qu\u2019il interpellait le gouvernement sur la situation de l\u2019<em>Ocean Viking<\/em>. Nous lui apportons tout notre soutien face \u00e0 l&#8217;injure et \u00e0 l&#8217;irrespect dont il a \u00e9t\u00e9 l\u2019objet au sein m\u00eame de l&#8217;h\u00e9micycle, et \u00e0 la violence raciste haineuse qui s\u2019exerce aujourd\u2019hui contre lui. Contre le pire de ce que l\u2019humanit\u00e9 a \u00e0 offrir, nous opposerons toujours la solidarit\u00e9.<\/p>\n\n\n\n<p>Comme l\u2019\u00e9quipe du navire, nous pensons que \u00ab <em>porter secours est un devoir pour tout marin, c&#8217;est \u00e9galement un imp\u00e9ratif humanitaire et une obligation l\u00e9gale dans le droit&nbsp; international<\/em> \u00bb. Avec d\u2019autres collectivit\u00e9s, Villeurbanne prend sa part dans l&#8217;effort de solidarit\u00e9 en finan\u00e7ant une journ\u00e9e de sauvetage en mer.&nbsp;<\/p>\n\n\n\n<p>Nous voterons&nbsp; favorablement&nbsp; cette&nbsp; demande de subvention.<\/p>\n","protected":false},"excerpt":{"rendered":"<p>Par Danielle CARASCO Nous renouvelons cette ann\u00e9e et pour la troisi\u00e8me fois notre soutien essentiel \u00e0 SOS M\u00e9diterran\u00e9e. Comme 85 autres collectivit\u00e9s locales, nous nous engageons dans la plateforme des collectivit\u00e9s solidaires aux c\u00f4t\u00e9s de l&#8217;ONG, pour devenir un maillon de l\u2019inconditionnalit\u00e9 du sauvetage et faire respecter le premier des droits humains : le droit&#8230;<\/p>\n","protected":false},"author":1,"featured_media":0,"comment_status":"open","ping_status":"open","sticky":false,"template":"","format":"standard","meta":[],"categories":[161,7],"tags":[188],"_links":{"self":[{"href":"https:\/\/villeurbanne-insoumise-ensemble.fr\/index.php?rest_route=\/wp\/v2\/posts\/1198"}],"collection":[{"href":"https:\/\/villeurbanne-insoumise-ensemble.fr\/index.php?rest_route=\/wp\/v2\/posts"}],"about":[{"href":"https:\/\/villeurbanne-insoumise-ensemble.fr\/index.php?rest_route=\/wp\/v2\/types\/post"}],"author":[{"embeddable":true,"href":"https:\/\/villeurbanne-insoumise-ensemble.fr\/index.php?rest_route=\/wp\/v2\/users\/1"}],"replies":[{"embeddable":true,"href":"https:\/\/villeurbanne-insoumise-ensemble.fr\/index.php?rest_route=%2Fwp%2Fv2%2Fcomments&post=1198"}],"version-history":[{"count":1,"href":"https:\/\/villeurbanne-insoumise-ensemble.fr\/index.php?rest_route=\/wp\/v2\/posts\/1198\/revisions"}],"predecessor-version":[{"id":1199,"href":"https:\/\/villeurbanne-insoumise-ensemble.fr\/index.php?rest_route=\/wp\/v2\/posts\/1198\/revisions\/1199"}],"wp:attachment":[{"href":"https:\/\/villeurbanne-insoumise-ensemble.fr\/index.php?rest_route=%2Fwp%2Fv2%2Fmedia&parent=1198"}],"wp:term":[{"taxonomy":"category","embeddable":true,"href":"https:\/\/villeurbanne-insoumise-ensemble.fr\/index.php?rest_route=%2Fwp%2Fv2%2Fcategories&post=1198"},{"taxonomy":"post_tag","embeddable":true,"href":"https:\/\/villeurbanne-insoumise-ensemble.fr\/index.php?rest_route=%2Fwp%2Fv2%2Ftags&post=1198"}],"curies":[{"name":"wp","href":"https:\/\/api.w.org\/{rel}","templated":true}]}}