{"id":1167,"date":"2022-10-13T09:31:53","date_gmt":"2022-10-13T07:31:53","guid":{"rendered":"https:\/\/villeurbanne-insoumise-ensemble.fr\/?p=1167"},"modified":"2023-11-22T16:41:00","modified_gmt":"2023-11-22T15:41:00","slug":"nous-financons-linvestissement-de-leconomie-sociale-et-solidaire","status":"publish","type":"post","link":"https:\/\/villeurbanne-insoumise-ensemble.fr\/?p=1167","title":{"rendered":"Nous finan\u00e7ons l\u2019investissement de l\u2019\u00e9conomie sociale et solidaire"},"content":{"rendered":"\n<p><em>Par Julien RAVELLO<\/em><\/p>\n\n\n\n<figure class=\"wp-block-embed is-type-video is-provider-youtube wp-block-embed-youtube wp-embed-aspect-16-9 wp-has-aspect-ratio\"><div class=\"wp-block-embed__wrapper\">\n<iframe loading=\"lazy\" title=\"Julien RAVELLO - Nous finan\u00e7ons l\u2019investissement de l\u2019\u00e9conomie sociale et solidaire\" width=\"640\" height=\"360\" src=\"https:\/\/www.youtube.com\/embed\/Izpro0sMMTU?feature=oembed\" frameborder=\"0\" allow=\"accelerometer; autoplay; clipboard-write; encrypted-media; gyroscope; picture-in-picture\" allowfullscreen><\/iframe>\n<\/div><\/figure>\n\n\n\n<p><strong><em>Pr\u00e9sentation de la d\u00e9lib\u00e9ration<\/em><\/strong><\/p>\n\n\n\n<p>C\u2019est une d\u00e9lib\u00e9ration qu\u2019on passe chaque ann\u00e9e depuis 2015 puisque c\u2019est le programme d\u2019appel \u00e0 candidature pour financer de l\u2019investissement pour les entreprises de l\u2019\u00e9conomie sociale et solidaire. Simplement pour dire que cette ann\u00e9e, comme on l\u2019avait dit l\u2019ann\u00e9e derni\u00e8re, le budget \u00e9t\u00e9 doubl\u00e9. Donc on a une aide qui est pass\u00e9e de 25\u00a0000 \u00e0 50\u00a0000\u20ac en investissement. Dire aussi qu\u2019on a re\u00e7u 5 candidatures dont 3 qui n\u2019\u00e9taient pas recevables et 2 recevables. Je vous pr\u00e9sente tr\u00e8s, tr\u00e8s rapidement les deux dossiers.<\/p>\n\n\n\n<p>Donc, il y a <em>Demain supermarch\u00e9<\/em> qui est pr\u00e9vu d\u2019\u00eatre aid\u00e9 par d\u00e9lib\u00e9ration. Donc \u00e9picerie coop\u00e9rative, qui \u00e9tait implant\u00e9e sur Lyon 7<sup>e<\/sup>, et qui souhaite s\u2019implanter \u00e0 Villeurbanne. Une \u00e9picerie coop\u00e9rative et participative de proximit\u00e9 pour construire un syst\u00e8me alternatif de consommation. La subvention qu\u2019on propose\u00a0 de verser est de 41\u00a0850\u20ac sur les 50\u00a0000\u20ac qu\u2019ils ont sollicit\u00e9s. Et puis le deuxi\u00e8me projet, c\u2019est le centre Galliani, un ESAT (\u00c9tablissement et Service d\u2019Aide par le Travail) qui a r\u00e9pondu \u00e0 l\u2019appel \u00e0 candidature pour un bus pour l\u2019emploi, et l\u00e0 la subvention demand\u00e9e est de 8\u00a0150\u20ac, en tout cas la subvention que l\u2019on propose de verser.<\/p>\n\n\n\n<p><strong><em>Prise de parole apr\u00e8s les interventions<\/em><\/strong><\/p>\n\n\n\n<p>Je veux bien r\u00e9pondre au quelques interrogations de monsieur COLSON. Pour confirmer ce que disait ma coll\u00e8gue Morgane GUILLAS, le supermarch\u00e9 <em>Demain<\/em> ne s\u2019implantera pas \u00e0 Saint-Jean, mais bien dans les Gratte-Ciel, entre Gratte-Ciel et Flachet. Donc \u00e7a c\u2019\u00e9tait pour au moins r\u00e9pondre \u00e0 cette remarque.<\/p>\n\n\n\n<p>Sur le nombre de candidature, effectivement on l\u2019avait dit l\u2019ann\u00e9e derni\u00e8re, on \u00e9tait collectivement asse d\u00e9\u00e7us du nombre de candidatures l\u2019ann\u00e9e derni\u00e8re. Cette ann\u00e9e on en a quand m\u00eame 5, vous compariez \u00e0 6 ou 7, on n\u2019est pas quand m\u00eame pas compl\u00e8tement loin des \u00e9ditions pr\u00e9c\u00e9dentes. \u00c9videmment qu\u2019on souhaiterait en avoir beaucoup plus. Simplement, il faut quand m\u00eame rappeler une chose. L\u2019appel \u00e0 candidature, il est un peu particulier. Je le r\u00e9p\u00e8te encore une fois, mais c\u2019est une subvention d\u2019investissement. Les crit\u00e8res sont assez stricts pour cet appel \u00e0 candidature, et c\u2019est peut \u00eatre aussi pour \u00e7a qu\u2019on n\u2019a pas tant de candidatures que \u00e7a. Mais ce n\u2019est pas la ville de Villeurbanne qui les impose, c\u2019est la loi. Donc en fait, les associations peuvent demander des subventions de fonctionnement au titre d\u2019autres politiques publiques de la ville, avec la d\u00e9l\u00e9gation Vie associative par exemple. L\u00e0 on est sur la d\u00e9l\u00e9gation Vie \u00e9conomique o\u00f9 justement &nbsp;on ne peut que financer de l\u2019investissement, et encore certains investissements dont l\u2019am\u00e9nagement de locaux, parfois l\u2019achat de mat\u00e9riel, simplement parce qu\u2019on n\u2019a pas la comp\u00e9tence d\u00e9di\u00e9e sur le d\u00e9veloppement \u00e9conomique. C\u2019est la r\u00e9gion qui l\u2019a, et aussi la m\u00e9tropole. Donc \u00e7a c\u2019est quand m\u00eame important \u00e0 dire.<\/p>\n\n\n\n<p>Pour r\u00e9pondre aussi sur les candidatures qui ont \u00e9t\u00e9 non-\u00e9ligibles, par exemple on a eu une demande de subvention de fonctionnement, qui ne rentrait pas dans les crit\u00e8res&nbsp;; une association qui avait d\u00e9j\u00e0 \u00e9t\u00e9 [aid\u00e9e] en 2021, et dans les crit\u00e8res on d\u00e9cide de ne pas subventionner une structure qui a d\u00e9j\u00e0 \u00e9t\u00e9 subventionn\u00e9e dans les trois derni\u00e8res ann\u00e9es&nbsp;; et une entreprise qui \u00e9tait hors champs de l\u2019ESS. Les trois \u00e9taient vraiment hors crit\u00e8re. Et on aurait pu \u2013 parce que vous dites qu\u2019on a choisi par d\u00e9faut \u2013 on aurait pu ne pas utiliser les 50&nbsp;000\u20ac si on avait estim\u00e9 que les projets ne nous satisfaisaient pas, et finalement verser qu\u2019une partie du budget qui \u00e9tait d\u00e9di\u00e9.<\/p>\n","protected":false},"excerpt":{"rendered":"<p>Par Julien RAVELLO Pr\u00e9sentation de la d\u00e9lib\u00e9ration C\u2019est une d\u00e9lib\u00e9ration qu\u2019on passe chaque ann\u00e9e depuis 2015 puisque c\u2019est le programme d\u2019appel \u00e0 candidature pour financer de l\u2019investissement pour les entreprises de l\u2019\u00e9conomie sociale et solidaire. Simplement pour dire que cette ann\u00e9e, comme on l\u2019avait dit l\u2019ann\u00e9e derni\u00e8re, le budget \u00e9t\u00e9 doubl\u00e9. Donc on a une&#8230;<\/p>\n","protected":false},"author":1,"featured_media":0,"comment_status":"open","ping_status":"open","sticky":false,"template":"","format":"standard","meta":[],"categories":[161,7],"tags":[88],"_links":{"self":[{"href":"https:\/\/villeurbanne-insoumise-ensemble.fr\/index.php?rest_route=\/wp\/v2\/posts\/1167"}],"collection":[{"href":"https:\/\/villeurbanne-insoumise-ensemble.fr\/index.php?rest_route=\/wp\/v2\/posts"}],"about":[{"href":"https:\/\/villeurbanne-insoumise-ensemble.fr\/index.php?rest_route=\/wp\/v2\/types\/post"}],"author":[{"embeddable":true,"href":"https:\/\/villeurbanne-insoumise-ensemble.fr\/index.php?rest_route=\/wp\/v2\/users\/1"}],"replies":[{"embeddable":true,"href":"https:\/\/villeurbanne-insoumise-ensemble.fr\/index.php?rest_route=%2Fwp%2Fv2%2Fcomments&post=1167"}],"version-history":[{"count":1,"href":"https:\/\/villeurbanne-insoumise-ensemble.fr\/index.php?rest_route=\/wp\/v2\/posts\/1167\/revisions"}],"predecessor-version":[{"id":1168,"href":"https:\/\/villeurbanne-insoumise-ensemble.fr\/index.php?rest_route=\/wp\/v2\/posts\/1167\/revisions\/1168"}],"wp:attachment":[{"href":"https:\/\/villeurbanne-insoumise-ensemble.fr\/index.php?rest_route=%2Fwp%2Fv2%2Fmedia&parent=1167"}],"wp:term":[{"taxonomy":"category","embeddable":true,"href":"https:\/\/villeurbanne-insoumise-ensemble.fr\/index.php?rest_route=%2Fwp%2Fv2%2Fcategories&post=1167"},{"taxonomy":"post_tag","embeddable":true,"href":"https:\/\/villeurbanne-insoumise-ensemble.fr\/index.php?rest_route=%2Fwp%2Fv2%2Ftags&post=1167"}],"curies":[{"name":"wp","href":"https:\/\/api.w.org\/{rel}","templated":true}]}}