{"id":1163,"date":"2022-10-13T09:27:26","date_gmt":"2022-10-13T07:27:26","guid":{"rendered":"https:\/\/villeurbanne-insoumise-ensemble.fr\/?p=1163"},"modified":"2023-11-22T16:40:30","modified_gmt":"2023-11-22T15:40:30","slug":"une-personne-sur-cinq-va-grelotter-cet-hiver","status":"publish","type":"post","link":"https:\/\/villeurbanne-insoumise-ensemble.fr\/?p=1163","title":{"rendered":"Une personne sur cinq va grelotter cet hiver !"},"content":{"rendered":"\n<p><em>Par Agathe FORT<\/em><\/p>\n\n\n\n<figure class=\"wp-block-embed is-type-video is-provider-youtube wp-block-embed-youtube wp-embed-aspect-16-9 wp-has-aspect-ratio\"><div class=\"wp-block-embed__wrapper\">\n<iframe loading=\"lazy\" title=\"Agathe FORT - Une personne sur cinq va grelotter cet hiver !\" width=\"640\" height=\"360\" src=\"https:\/\/www.youtube.com\/embed\/jWItySvMg08?feature=oembed\" frameborder=\"0\" allow=\"accelerometer; autoplay; clipboard-write; encrypted-media; gyroscope; picture-in-picture\" allowfullscreen><\/iframe>\n<\/div><\/figure>\n\n\n\n<p>12 millions de pr\u00e9caires \u00e9nerg\u00e9tiques : c&#8217;est presque 1 personne sur 5 qui va grelotter cet hiver. Et m\u00eame s\u00fbrement davantage, avec l&#8217;augmentation des prix de l&#8217;\u00e9lectricit\u00e9 et du gaz. La crise \u00e9nerg\u00e9tique s\u2019additionne \u00e0 une situation d\u00e9j\u00e0 catastrophique pour des millions de personnes.&nbsp;<\/p>\n\n\n\n<p>Si nous en sommes l\u00e0, c&#8217;est parce que les investissements qui auraient d\u00fb \u00eatre faits il y a des ann\u00e9es sont toujours aux abonn\u00e9s absents. Ou plut\u00f4t, que l&#8217;argent mis par l\u2019\u00c9tat pour r\u00e9nover les b\u00e2timents est insuffisant, et c&#8217;est peu de le dire. Voyez par vous-m\u00eame : en 2021, seuls 2 500 logements ont \u00e9t\u00e9 r\u00e9nov\u00e9s pour ne plus \u00eatre des passoires thermiques, alors que l&#8217;objectif \u00e9tait d&#8217;en faire 80 000 ! Heureusement que l\u2019\u00c9tat n&#8217;est pas une entreprise. Car avec seulement 3% des objectifs atteints, le peuple aurait \u00e9t\u00e9 en droit de demander le d\u00e9part du PDG. Mais comment esp\u00e9rer mieux avec des politiques qui restent uniquement incitatives ?<\/p>\n\n\n\n<p>La quantit\u00e9 d&#8217;argent investie est donc largement inf\u00e9rieure \u00e0 ce qu&#8217;il faudrait pour atteindre une r\u00e9novation compl\u00e8te de notre parc en 2050. D&#8217;ailleurs, l&#8217;objectif d&#8217;un reste \u00e0 charge pour les propri\u00e9taires \u00e0 10% du co\u00fbt des travaux est lui aussi loin d&#8217;\u00eatre atteint. Pour les m\u00e9nages tr\u00e8s modestes, on est autour de 39 %, et ce chiffre monte \u00e0 56 % pour les m\u00e9nages modestes. C&#8217;est bien trop cher pour des personnes pauvres.&nbsp;<\/p>\n\n\n\n<p>Pour continuer dans les chiffres, peut-\u00eatre apprendrez-vous que 86 % des travaux financ\u00e9s par Ma Prime R\u00e9nov&#8217; ne concernent qu&#8217;un aspect de la r\u00e9novation, comme changer des fen\u00eatres ou refaire l&#8217;isolation du toit. C&#8217;est pourtant l&#8217;ensemble de l&#8217;isolation qu&#8217;il faut refaire si on veut atteindre les objectifs de basse consommation.&nbsp;<\/p>\n\n\n\n<p>Nous pr\u00e9f\u00e9rerions donc que l\u2019\u00c9tat investisse vraiment dans la r\u00e9novation thermique, \u00e0 hauteur de 700 000 logements r\u00e9nov\u00e9s chaque ann\u00e9e, comme le propose le sc\u00e9nario N\u00e9gawatt. La m\u00e9tropole de Lyon a doubl\u00e9 son budget pour la r\u00e9novation thermique, mais nous avons calcul\u00e9 que ce budget aurait d\u00fb \u00eatre multipli\u00e9 par huit pour atteindre les objectifs du Sch\u00e9ma directeur des \u00e9nergies. Sans aide massive de l\u2019\u00c9tat, nous sommes incapables d&#8217;un tel investissement.<\/p>\n\n\n\n<p>Cet hiver, nous allons payer durement notre impr\u00e9paration. M\u00eame en mettant un col roul\u00e9 et un pull suppl\u00e9mentaire, les pauvres de notre pays auront froid.&nbsp;<\/p>\n","protected":false},"excerpt":{"rendered":"<p>Par Agathe FORT 12 millions de pr\u00e9caires \u00e9nerg\u00e9tiques : c&#8217;est presque 1 personne sur 5 qui va grelotter cet hiver. Et m\u00eame s\u00fbrement davantage, avec l&#8217;augmentation des prix de l&#8217;\u00e9lectricit\u00e9 et du gaz. La crise \u00e9nerg\u00e9tique s\u2019additionne \u00e0 une situation d\u00e9j\u00e0 catastrophique pour des millions de personnes.&nbsp; Si nous en sommes l\u00e0, c&#8217;est parce que&#8230;<\/p>\n","protected":false},"author":1,"featured_media":0,"comment_status":"open","ping_status":"open","sticky":false,"template":"","format":"standard","meta":[],"categories":[161,7],"tags":[181,77,53],"_links":{"self":[{"href":"https:\/\/villeurbanne-insoumise-ensemble.fr\/index.php?rest_route=\/wp\/v2\/posts\/1163"}],"collection":[{"href":"https:\/\/villeurbanne-insoumise-ensemble.fr\/index.php?rest_route=\/wp\/v2\/posts"}],"about":[{"href":"https:\/\/villeurbanne-insoumise-ensemble.fr\/index.php?rest_route=\/wp\/v2\/types\/post"}],"author":[{"embeddable":true,"href":"https:\/\/villeurbanne-insoumise-ensemble.fr\/index.php?rest_route=\/wp\/v2\/users\/1"}],"replies":[{"embeddable":true,"href":"https:\/\/villeurbanne-insoumise-ensemble.fr\/index.php?rest_route=%2Fwp%2Fv2%2Fcomments&post=1163"}],"version-history":[{"count":1,"href":"https:\/\/villeurbanne-insoumise-ensemble.fr\/index.php?rest_route=\/wp\/v2\/posts\/1163\/revisions"}],"predecessor-version":[{"id":1164,"href":"https:\/\/villeurbanne-insoumise-ensemble.fr\/index.php?rest_route=\/wp\/v2\/posts\/1163\/revisions\/1164"}],"wp:attachment":[{"href":"https:\/\/villeurbanne-insoumise-ensemble.fr\/index.php?rest_route=%2Fwp%2Fv2%2Fmedia&parent=1163"}],"wp:term":[{"taxonomy":"category","embeddable":true,"href":"https:\/\/villeurbanne-insoumise-ensemble.fr\/index.php?rest_route=%2Fwp%2Fv2%2Fcategories&post=1163"},{"taxonomy":"post_tag","embeddable":true,"href":"https:\/\/villeurbanne-insoumise-ensemble.fr\/index.php?rest_route=%2Fwp%2Fv2%2Ftags&post=1163"}],"curies":[{"name":"wp","href":"https:\/\/api.w.org\/{rel}","templated":true}]}}