{"id":1161,"date":"2022-10-13T09:25:34","date_gmt":"2022-10-13T07:25:34","guid":{"rendered":"https:\/\/villeurbanne-insoumise-ensemble.fr\/?p=1161"},"modified":"2023-11-22T16:40:39","modified_gmt":"2023-11-22T15:40:39","slug":"ces-subventions-contribuent-a-nos-trois-missions-transversales","status":"publish","type":"post","link":"https:\/\/villeurbanne-insoumise-ensemble.fr\/?p=1161","title":{"rendered":"Ces subventions contribuent \u00e0 nos trois missions transversales"},"content":{"rendered":"\n<p><em>Par Mathieu GARABEDIAN et Ga\u00ebtan CONSTANT<\/em><\/p>\n\n\n\n<figure class=\"wp-block-embed is-type-video is-provider-youtube wp-block-embed-youtube wp-embed-aspect-16-9 wp-has-aspect-ratio\"><div class=\"wp-block-embed__wrapper\">\n<iframe loading=\"lazy\" title=\"Mathieu GARABEDIAN et Ga\u00ebtan CONSTANT - Ces aides contribuent \u00e0 nos trois missions transversales\" width=\"640\" height=\"360\" src=\"https:\/\/www.youtube.com\/embed\/0DIIJo8J9F0?feature=oembed\" frameborder=\"0\" allow=\"accelerometer; autoplay; clipboard-write; encrypted-media; gyroscope; picture-in-picture\" allowfullscreen><\/iframe>\n<\/div><\/figure>\n\n\n\n<p><strong><em>Pr\u00e9sentation de la d\u00e9lib\u00e9ration<\/em><\/strong> &#8211; <strong><em>Mathieu GARABEDIAN<\/em><\/strong><\/p>\n\n\n\n<p>C\u2019est une subvention qui passe r\u00e9guli\u00e8rement au Conseil municipal puisqu\u2019il s\u2019agit d\u2019une nouvelle salve de subventions pour les acteurs de la politique de la ville, qui s\u2019inscrit dans notre programmation annuelle pour l\u2019ann\u00e9e 2022. Je rappelle les piliers qui nous font choisir ces associations. Dans le contrat de ville, on a les priorit\u00e9s suivantes&nbsp;:<\/p>\n\n\n\n<ul><li>Le d\u00e9veloppement urbain et \u00e9conomique des quartiers dits prioritaires au titre de la politique de la ville<\/li><li>Le cadre de vie au sein de ces quartiers<\/li><li>Toutes les questions d\u2019\u00e9galit\u00e9 d\u2019acc\u00e8s aux droits et de lutte contre les discriminations<\/li><li>Les questions de mobilisation des politiques publiques en direction de l\u2019enfance et des jeunesses<\/li><li>Les questions d\u2019emploi, de formation et d\u2019insertion professionnelle<\/li><\/ul>\n\n\n\n<p>C\u2019est vrai qu\u2019on aime bien rajouter, m\u00eame si ce n\u2019est pas en tant que tel un des axes des axes du contrat de ville, qu\u2019on a une attention particuli\u00e8re au soutien des initiatives, des \u00e9mergences qui peuvent \u00eatre port\u00e9es par les habitants eux-m\u00eames, ou par des collectifs au sein de ces quartiers.<\/p>\n\n\n\n<p>Pour pr\u00e9senter les 5 actions qui sont port\u00e9es&nbsp;:<\/p>\n\n\n\n<ul><li>une action d\u2019Alliance citoyenne autour des questions de pouvoir d\u2019agir et de lutte contre la pr\u00e9carit\u00e9 \u00e9nerg\u00e9tique sur la r\u00e9sidence Monod&nbsp;;<\/li><li>une subvention pour le centre social de Cusset, pour poursuivre ces actions dites \u00ab&nbsp;hors les murs&nbsp;\u00bb, mais qui maintenant commencent \u00e0 \u00eatre assez importantes puisqu\u2019entre le local commun r\u00e9sidentiel au sein de la r\u00e9sidence Monod ou le local au sein de la r\u00e9sidence Baratin (et d\u2019ailleurs il y a eu l\u2019inauguration du nouveau cyber-caf\u00e9 pas plus tard que la semaine derni\u00e8re)&nbsp;;<\/li><li>les ateliers port\u00e9s par Cin\u00e9 Fabrik qui tournent sur les diff\u00e9rents quartiers, mais \u00e0 direction des jeunes sur les questions de cin\u00e9ma, et qui \u00e0 chaque fois produisent des petits courts m\u00e9trages tr\u00e8s int\u00e9ressants&nbsp;;<\/li><li>le dispositif Fil d\u2019Ariane qui est un habitu\u00e9 aussi de nos conseils municipaux, qui permet d\u2019avoir une attention sur les remobilisations scolaires et l\u2019insertion des jeunes de 16 \u00e0 21 ans&nbsp;;<\/li><li>et une subvention un peu particuli\u00e8re cette fois-ci sur la question de la lutte contre la fracture num\u00e9rique et la question du droit au non-num\u00e9rique qu\u2019on porte avec Ga\u00ebtan CONSTANT au sein de la direction \u00c9galit\u00e9 sociale et territoriale, et qui va permettre pour l\u2019association Eisenia de proposer des permanences informatiques, notamment pour faire de l\u2019acc\u00e8s \u00e0 du mat\u00e9riel pour toutes et tous.<\/li><\/ul>\n\n\n\n<p>Voil\u00e0, je r\u00e9pondrai aux questions car il y a beaucoup d\u2019interventions.<\/p>\n\n\n\n<p><strong><em>Prise de parole apr\u00e8s les interventions &#8211; Mathieu GARABEDIAN<\/em><\/strong><\/p>\n\n\n\n<p>Concernant la subvention Alliance Citoyenne, j\u2019avais envie de refaire un petit contexte de comment on est arriv\u00e9s \u00e0 subventionner cette association. Depuis le d\u00e9but du mandat, on m\u00e8ne un travail assez fin avec les habitants et habitantes de la r\u00e9sidence Jacques Monod, pour qui les probl\u00e8mes de pr\u00e9carit\u00e9 \u00e9nerg\u00e9tique sont av\u00e9r\u00e9s, et qui ont des inqui\u00e9tudes, qui ont des attentes, et qui nous sollicitent depuis le d\u00e9but du mandat. \u00c7a nous a permis de cr\u00e9er un groupe de travail compos\u00e9 du CCAS, des maisons de la m\u00e9tropole, du bailleur EMH, du centre social et de l\u2019Alliance Citoyenne qui de fait (vous disiez pourquoi notre partenaire), mais parce que de fait c\u2019est eux qui sont l\u00e0, et c\u2019est avec eux que les citoyens ont d\u00e9cid\u00e9 de travailler ces questions, de se regrouper, et de porter les sujets qui sont leurs sujets du quotidien. Et donc ce travail il est men\u00e9, \u00e7a nous a permis d\u2019avoir des \u00e9changes, d\u2019avoir un travail d\u2019\u00e9tat des lieux des aides mobilisables sur les questions \u00e9nerg\u00e9tiques pour ouvrir les droits sociaux des personnes. \u00c7a a permis \u00e9galement \u00e0 EMH de&nbsp; d\u00e9cider de mettre en place un conseiller d\u2019\u00e9ducation sociale et familiale sur place, au sein du local commun r\u00e9sidentiel, pour accompagner les m\u00e9nages \u00e0 ouvrir ces droits.<\/p>\n\n\n\n<p>Et une fois qu\u2019on est arriv\u00e9s l\u00e0, on se dit \u00ab&nbsp;mais comment est-ce qu\u2019on peut travailler un peu plus finement cette question&nbsp;?&nbsp;\u00bb, et vient l\u00e0 cette proposition de subvention pour des formations aupr\u00e8s des habitants, \u00e0 la fois pour qu\u2019ils puissent d\u00e9velopper leur pouvoir d\u2019agir, d\u00e9velopper la capacit\u00e9 \u00e0 intervenir en collectif, en groupe, et puis des questions de connaissances, d\u2019expertise, sur les questions \u00e9nerg\u00e9tiques qui sont assez complexes. \u00c7a a \u00e9t\u00e9 en introduction du conseil, on va en reparler, on voit que ce sont des sujets qui sont du moment, et donc comment finalement on arriver \u00e0 proposer aux habitants des formations, des temps int\u00e9ressants pour eux, mais aussi qui leur permettent d\u2019agir concr\u00e8tement sur leur quotidien.<\/p>\n\n\n\n<p>Cette subvention, elle rentre parfaitement dans les trois missions transversales qu\u2019on porte et qu\u2019on d\u00e9veloppe depuis le d\u00e9but du mandat&nbsp;:<\/p>\n\n\n\n<ul><li>La transition \u00e9cologique avec les questions de r\u00e9novation thermique et la lutte contre la pr\u00e9carit\u00e9 \u00e9nerg\u00e9tique. \u00c7a devrait \u00eatre la mesure phare de nos politiques de d\u00e9carbonation. On rappelle que le b\u00e2timent, c\u2019est 25% des gaz \u00e0 effet de serre, 45% de la consommation \u00e9nerg\u00e9tique. Donc \u00e9videmment, de dire \u00e0 des habitants \u00ab&nbsp;informez-vous, formez-vous&nbsp;\u00bb sur ces questions, c\u2019est plus que pertinent pour la mobilisation sur les enjeux climatiques.<\/li><li>Deuxi\u00e8me mission transversale, lutte contre les in\u00e9galit\u00e9s. On le rappelle souvent mais les passoires thermiques c\u2019est 7,5 millions de logements en France, et les in\u00e9galit\u00e9s de logement et de pr\u00e9carit\u00e9 \u00e9nerg\u00e9tique c\u2019est des in\u00e9galit\u00e9s qui aggravent encore les in\u00e9galit\u00e9s sociales. Donc c\u2019est aussi dans cette optique qu\u2019on travaille, et \u00e9videmment cette subvention elle permet aussi de pointer cette r\u00e9alit\u00e9 sociale et notre volont\u00e9, nous, de travailler sur ce sujet.<\/li><li>Et enfin, la derni\u00e8re mission transversale qui est la transition d\u00e9mocratique. Jonathan en a aussi un peu parl\u00e9 dans son intervention, mais aujourd\u2019hui on voit que c\u2019est des questions complexes&nbsp;; on voit qu\u2019il y a un int\u00e9r\u00eat \u00e0 ce que les personnes concern\u00e9es puissent se saisir de ces questions. Et donc amener de la formation, du d\u00e9veloppement du pouvoir d\u2019agir par une mobilisation de connaissances sur ces questions, \u00e7a nous semblait particuli\u00e8rement pertinent, et rentrer parfaitement dans nos objectifs, et de transition d\u00e9mocratique, et puis m\u00eame d\u2019\u00e9mancipation finalement car c\u2019est un peu le but de cette mission transversale.<\/li><\/ul>\n\n\n\n<p>Sans rentrer plus dans les d\u00e9tails\u2026 ancrage local, effectivement \u00e7a a un lien avec Grenoble, mais je crois que le nombre de personnes qui sont cotisantes de l\u2019association (si je ne dis pas de b\u00eatises), c\u2019est plus de 300 m\u00e9nages ou personnes sur Villeurbanne. \u00c7a repr\u00e9sente \u00e9norm\u00e9ment de personnes qui participent \u00e0 la vie de ces collectifs port\u00e9s par cette association, et que c\u2019est une association qui a vocation \u00e0 porter les revendications des membres qui la composent. Et donc l\u00e0, en l\u2019occurrence, la question de la pr\u00e9carit\u00e9 \u00e9nerg\u00e9tique.<\/p>\n\n\n\n<p><strong><em>Prise de parole apr\u00e8s les interventions &#8211; Ga\u00ebtan CONSTANT<\/em><\/strong><\/p>\n\n\n\n<p>Oui, j\u2019esp\u00e8re avoir tout not\u00e9 car j\u2019\u00e9tais quelque peu hypnotis\u00e9 par le propos sur le communautarisme au pr\u00e9alable, donc je vais essayer de faire preuve d\u2019un peu d\u2019andragogie sur le propos, et de r\u00e9pondre aux diff\u00e9rents points soulev\u00e9s.<\/p>\n\n\n\n<p>En fait, \u00e0 l\u2019initiative de tout \u00e7a, il y a un programme de reconditionnement du mat\u00e9riel interne de la ville, de la DSI, avec les Ateliers Soud\u00e9s depuis aujourd\u2019hui quelques ann\u00e9es. Donc \u00e7a correspond \u00e0 une centaine d\u2019unit\u00e9s centrales par an qui sont reconditionn\u00e9es et distribu\u00e9es \u00e0 la vie associative villeurbannaise par la suite. Et on a eu l\u2019envie de d\u00e9velopper et d\u2019\u00e9largir un peu ce projet, et c\u2019est comme \u00e7a qu\u2019est n\u00e9e cette initiative de permanences sur le territoire avec l\u2019association Eisenia qui, en effet, est la structure administrative, juridique, qui re\u00e7oit la subvention. Mais au niveau du projet c\u2019est les Ateliers Soud\u00e9 et un sous-programme qui s\u2019appelle <em>Linux et populus<\/em> de l\u2019association Eisenia qui sont tenantes de la permanence, qui va avoir plusieurs vocations. \u00c0 la fois un point de vente pour les personnes qui, dans un premier temps, vont \u00eatre cibl\u00e9es avec un quotient familial faible, qui recevront des invitations \u00e0 la promotion de ce genre de mat\u00e9riel&nbsp;; des ateliers de sensibilisation sur comment \u00eatre capables. Comme on est aujourd\u2019hui dans une vocation d\u2019essayer de rendre les gens capables de r\u00e9parer leur v\u00e9lo, de r\u00e9parer leur mat\u00e9riel tout venant, donc des ateliers de sensibilisation sur \u00e7a. Et \u00e9galement dans cette permanence, si des gens viennent avec leur mat\u00e9riel, d\u2019\u00eatre capables de leur proposer un service de reconditionnement de leur mat\u00e9riel.&nbsp;<\/p>\n\n\n\n<p>La question sur la partie id\u00e9ologique&nbsp;: il n\u2019y a pas d\u2019id\u00e9ologie, loin de moi l\u2019envie d\u2019en faire, j\u2019ai juste envie de faire de la politique. Et donc si les choix politique qu\u2019on fait c\u2019est de d\u00e9fendre Linux et le logiciel libre, oui, c\u2019est un choix politique et non, 12&nbsp;000\u20ac ce n\u2019est pas beaucoup pour tout ce que je viens de citer comme actions.<\/p>\n","protected":false},"excerpt":{"rendered":"<p>Par Mathieu GARABEDIAN et Ga\u00ebtan CONSTANT Pr\u00e9sentation de la d\u00e9lib\u00e9ration &#8211; Mathieu GARABEDIAN C\u2019est une subvention qui passe r\u00e9guli\u00e8rement au Conseil municipal puisqu\u2019il s\u2019agit d\u2019une nouvelle salve de subventions pour les acteurs de la politique de la ville, qui s\u2019inscrit dans notre programmation annuelle pour l\u2019ann\u00e9e 2022. Je rappelle les piliers qui nous font choisir&#8230;<\/p>\n","protected":false},"author":1,"featured_media":0,"comment_status":"open","ping_status":"open","sticky":false,"template":"","format":"standard","meta":[],"categories":[161,7],"tags":[181,77,53,180],"_links":{"self":[{"href":"https:\/\/villeurbanne-insoumise-ensemble.fr\/index.php?rest_route=\/wp\/v2\/posts\/1161"}],"collection":[{"href":"https:\/\/villeurbanne-insoumise-ensemble.fr\/index.php?rest_route=\/wp\/v2\/posts"}],"about":[{"href":"https:\/\/villeurbanne-insoumise-ensemble.fr\/index.php?rest_route=\/wp\/v2\/types\/post"}],"author":[{"embeddable":true,"href":"https:\/\/villeurbanne-insoumise-ensemble.fr\/index.php?rest_route=\/wp\/v2\/users\/1"}],"replies":[{"embeddable":true,"href":"https:\/\/villeurbanne-insoumise-ensemble.fr\/index.php?rest_route=%2Fwp%2Fv2%2Fcomments&post=1161"}],"version-history":[{"count":1,"href":"https:\/\/villeurbanne-insoumise-ensemble.fr\/index.php?rest_route=\/wp\/v2\/posts\/1161\/revisions"}],"predecessor-version":[{"id":1162,"href":"https:\/\/villeurbanne-insoumise-ensemble.fr\/index.php?rest_route=\/wp\/v2\/posts\/1161\/revisions\/1162"}],"wp:attachment":[{"href":"https:\/\/villeurbanne-insoumise-ensemble.fr\/index.php?rest_route=%2Fwp%2Fv2%2Fmedia&parent=1161"}],"wp:term":[{"taxonomy":"category","embeddable":true,"href":"https:\/\/villeurbanne-insoumise-ensemble.fr\/index.php?rest_route=%2Fwp%2Fv2%2Fcategories&post=1161"},{"taxonomy":"post_tag","embeddable":true,"href":"https:\/\/villeurbanne-insoumise-ensemble.fr\/index.php?rest_route=%2Fwp%2Fv2%2Ftags&post=1161"}],"curies":[{"name":"wp","href":"https:\/\/api.w.org\/{rel}","templated":true}]}}