{"id":1159,"date":"2022-10-13T09:21:58","date_gmt":"2022-10-13T07:21:58","guid":{"rendered":"https:\/\/villeurbanne-insoumise-ensemble.fr\/?p=1159"},"modified":"2023-11-22T16:39:48","modified_gmt":"2023-11-22T15:39:48","slug":"la-renovation-thermique-des-logements-devrait-etre-une-priorite-de-letat","status":"publish","type":"post","link":"https:\/\/villeurbanne-insoumise-ensemble.fr\/?p=1159","title":{"rendered":"La r\u00e9novation thermique des logements devrait \u00eatre une priorit\u00e9 de l\u2019\u00c9tat !"},"content":{"rendered":"\n<p><em>Par Julien RAVELLO<\/em><\/p>\n\n\n\n<figure class=\"wp-block-embed is-type-video is-provider-youtube wp-block-embed-youtube wp-embed-aspect-16-9 wp-has-aspect-ratio\"><div class=\"wp-block-embed__wrapper\">\n<iframe loading=\"lazy\" title=\"Julien RAVELLO - La r\u00e9novation thermique des logements devrait \u00eatre une priorit\u00e9 de l\u2019\u00c9tat !\" width=\"640\" height=\"360\" src=\"https:\/\/www.youtube.com\/embed\/es_HcuZ4uwA?feature=oembed\" frameborder=\"0\" allow=\"accelerometer; autoplay; clipboard-write; encrypted-media; gyroscope; picture-in-picture\" allowfullscreen><\/iframe>\n<\/div><\/figure>\n\n\n\n<p>Je pense avoir compris les derni\u00e8res interventions, mais je vais rappeler quand m\u00eame la d\u00e9lib\u00e9ration. La d\u00e9lib\u00e9ration, on parle de verser des subventions pour les acteurs de politique de la ville, et on parle pour l\u2019association qui a \u00e9t\u00e9 cit\u00e9e, Alliance Citoyenne, l\u2019une d\u2019entre elles, qui travaille sur la r\u00e9novation \u00e9nerg\u00e9tique et thermique des b\u00e2timents pour des m\u00e9nages en situation de pr\u00e9carit\u00e9 \u00e9nerg\u00e9tique. Je tiens \u00e0 le rappeler, car la derni\u00e8re intervention notamment est partie sur d\u2019autres th\u00e9matiques, qui n\u2019ont absolument rien \u00e0 voir avec ce qui est pr\u00e9vu dans la d\u00e9lib\u00e9ration.<\/p>\n\n\n\n<p>Alors, de notre c\u00f4t\u00e9, nous on a bien \u00e9cout\u00e9 le pr\u00e9sident de la R\u00e9publique. Le gouvernement nous a parl\u00e9 de fin de l&#8217;abondance, de sobri\u00e9t\u00e9 \u00e9nerg\u00e9tique. Mais \u00e0 moins qu&#8217;il ne s&#8217;agisse de slogans, de paroles, dans les actes rien ne change. L&#8217;opposition nous le d\u00e9montre encore ce soir puisqu\u2019elle \u00e9vite le sujet en nous parlant de communautarisme, de voile, ce qui n\u2019a absolument rien \u00e0 voir avec le sujet de la d\u00e9lib\u00e9ration. C\u2019est ce qui vous int\u00e9resse, tout sauf le fond de la d\u00e9lib\u00e9ration et tout ce pour quoi et qui se bat Alliance Citoyenne.&nbsp;<\/p>\n\n\n\n<p>Alors, vous allez me dire que ce n&#8217;est pas une subvention de 3 000\u20ac, effectivement, qui va permettre de r\u00e9soudre la probl\u00e9matique du changement climatique. On le rappelle, on est sur une subvention \u00e0 hauteur de 3 000\u20ac, \u00e7a vous avez raison.<\/p>\n\n\n\n<p>Mais la r\u00e9novation thermique des logements, on y reviendra tout \u00e0 l\u2019heure dans une d\u00e9lib\u00e9ration qui suit, c\u2019est la mesure \u00e9cologique la plus juste socialement, qui devrait \u00eatre une priorit\u00e9 de l&#8217;\u00c9tat. On a 5 millions de passoires thermiques dans notre pays, et un rapport r\u00e9cent de la Cour des Comptes &nbsp;d\u00e9montrait que sur les 700&nbsp;000 demandes de Ma Prime R\u00e9nov\u2019, il y en avait 2&nbsp;500 seulement qui avaient permis de r\u00e9soudre en fait les probl\u00e9matiques de passoires thermiques. Ce qui veut dire qu\u2019il faudrait 1 900 ans si on continue sur cette dynamique pour r\u00e9nover l\u2019ensemble des passoires thermiques. Alors nous, quand il y a une association qui aide les habitants \u00e0 permettre de faire diminuer leur facture \u00e9nerg\u00e9tique et \u00e0 lutter contre cette probl\u00e9matique de passoires thermiques, oui on la soutient.<\/p>\n\n\n\n<p>Je dirai juste un dernier petit mot sur la d\u00e9sob\u00e9issance civile. C\u2019est un sujet, je le rappelle quand m\u00eame, o\u00f9 l\u2019\u00c9tat a \u00e9t\u00e9 condamn\u00e9 pour inaction climatique. L\u2019\u00c9tat a \u00e9t\u00e9 condamn\u00e9 pour inaction climatique. Donc qu\u2019une association, ou des habitants, ou des militants, travaille sur un sujet sur lequel l\u2019\u00c9tat a lui-m\u00eame \u00e9t\u00e9 condamn\u00e9, je vous laisse juges\u2026 Jonathan Bocquet, on pourra en discuter en en d\u00e9battant, vous en avez parl\u00e9, mais finalement \u00e7a pose aussi question. Il faut aussi se poser des questions&nbsp; sur les th\u00e9matiques sur lesquelles on travaille. Et l\u00e0 pour le coup, l\u2019\u00c9tat lui-m\u00eame a \u00e9t\u00e9 condamn\u00e9. Alors pas le gouvernement actuel, c\u2019\u00e9tait en 2015-2018, mais quand m\u00eame.<\/p>\n","protected":false},"excerpt":{"rendered":"<p>Par Julien RAVELLO Je pense avoir compris les derni\u00e8res interventions, mais je vais rappeler quand m\u00eame la d\u00e9lib\u00e9ration. La d\u00e9lib\u00e9ration, on parle de verser des subventions pour les acteurs de politique de la ville, et on parle pour l\u2019association qui a \u00e9t\u00e9 cit\u00e9e, Alliance Citoyenne, l\u2019une d\u2019entre elles, qui travaille sur la r\u00e9novation \u00e9nerg\u00e9tique et&#8230;<\/p>\n","protected":false},"author":1,"featured_media":0,"comment_status":"open","ping_status":"open","sticky":false,"template":"","format":"standard","meta":[],"categories":[161,7],"tags":[181,53],"_links":{"self":[{"href":"https:\/\/villeurbanne-insoumise-ensemble.fr\/index.php?rest_route=\/wp\/v2\/posts\/1159"}],"collection":[{"href":"https:\/\/villeurbanne-insoumise-ensemble.fr\/index.php?rest_route=\/wp\/v2\/posts"}],"about":[{"href":"https:\/\/villeurbanne-insoumise-ensemble.fr\/index.php?rest_route=\/wp\/v2\/types\/post"}],"author":[{"embeddable":true,"href":"https:\/\/villeurbanne-insoumise-ensemble.fr\/index.php?rest_route=\/wp\/v2\/users\/1"}],"replies":[{"embeddable":true,"href":"https:\/\/villeurbanne-insoumise-ensemble.fr\/index.php?rest_route=%2Fwp%2Fv2%2Fcomments&post=1159"}],"version-history":[{"count":1,"href":"https:\/\/villeurbanne-insoumise-ensemble.fr\/index.php?rest_route=\/wp\/v2\/posts\/1159\/revisions"}],"predecessor-version":[{"id":1160,"href":"https:\/\/villeurbanne-insoumise-ensemble.fr\/index.php?rest_route=\/wp\/v2\/posts\/1159\/revisions\/1160"}],"wp:attachment":[{"href":"https:\/\/villeurbanne-insoumise-ensemble.fr\/index.php?rest_route=%2Fwp%2Fv2%2Fmedia&parent=1159"}],"wp:term":[{"taxonomy":"category","embeddable":true,"href":"https:\/\/villeurbanne-insoumise-ensemble.fr\/index.php?rest_route=%2Fwp%2Fv2%2Fcategories&post=1159"},{"taxonomy":"post_tag","embeddable":true,"href":"https:\/\/villeurbanne-insoumise-ensemble.fr\/index.php?rest_route=%2Fwp%2Fv2%2Ftags&post=1159"}],"curies":[{"name":"wp","href":"https:\/\/api.w.org\/{rel}","templated":true}]}}