{"id":1146,"date":"2022-07-01T11:40:00","date_gmt":"2022-07-01T09:40:00","guid":{"rendered":"https:\/\/villeurbanne-insoumise-ensemble.fr\/?p=1146"},"modified":"2023-11-22T16:36:37","modified_gmt":"2023-11-22T15:36:37","slug":"deux-ans-deja-que-nous-sommes-elu%c2%b7e%c2%b7s","status":"publish","type":"post","link":"https:\/\/villeurbanne-insoumise-ensemble.fr\/?p=1146","title":{"rendered":"Deux ans, d\u00e9j\u00e0, que nous sommes \u00e9lu\u00b7e\u00b7s !"},"content":{"rendered":"\n<p>Nous ne pourrons pas d\u00e9velopper ici tout ce que nous avons fait et tout ce qui nous reste \u00e0 faire pour tenir nos engagements aupr\u00e8s des Villeurbannais\u00b7e\u00b7s. Voici cependant quelques-unes de nos actions de l\u2019ann\u00e9e, et d\u2019autres \u00e0 venir.<\/p>\n\n\n\n<p>Nous avons \u00e9tabli diff\u00e9rents plans, comme le contrat local de sant\u00e9 qui sera effectif en 2023. Il guide la politique de sant\u00e9 publique pour les 5 ans \u00e0 venir autour de plusieurs sujets&nbsp;: sport-sant\u00e9, interconnaissance des acteurs de sant\u00e9, pr\u00e9vention\u2026 et aborde la question du manque de professionnels et les strat\u00e9gies pour en trouver. Le plan sur la lutte contre les discriminations pr\u00e9voit lui des actions sur les in\u00e9galit\u00e9s sociales, \u00e9conomiques, professionnelles. Le dispositif de recherche-action \u00ab&nbsp;Discri-O&nbsp;\u00bb qui s\u2019est termin\u00e9 r\u00e9cemment est un bon exemple d\u2019actions \u00e0 mener.<\/p>\n\n\n\n<p>La maison de l\u2019\u00e9galit\u00e9 et de la lutte contre les discriminations, engagement phare de notre campagne, peine \u00e0 voir le jour faute de locaux. En attendant de trouver un lieu, nous travaillons d\u00e9j\u00e0 avec les associations qui s\u2019y trouveront. La semaine villeurbannaise des handicaps 2022 refl\u00e8te la m\u00e9thode que nous y appliquerons : croiser et additionner les enjeux de discriminations socio-\u00e9conomiques. Une autre avanc\u00e9e r\u00e9cente est la mise en place d\u2019une permanence d\u2019accueil, d\u2019\u00e9coute et d\u2019orientation LGBTI+ \u00e0 la maison Berty Albrecht.<\/p>\n\n\n\n<p>C\u00f4t\u00e9 alimentation, une r\u00e9flexion autour du passage du plastique (n\u00e9faste pour la sant\u00e9, notamment lorsque r\u00e9chauff\u00e9) \u00e0 l\u2019inox est initi\u00e9e, et contribuera \u00e0 r\u00e9duire les d\u00e9chets. Le march\u00e9 public de la cuisine centrale a \u00e9t\u00e9 repass\u00e9 pour aller vers une alimentation plus bio et locale&nbsp;; rappelons que ce sont 8&nbsp;650 repas journaliers pour les enfants, seniors et agents de la ville&nbsp;! Les jardins partag\u00e9s continuent aussi leur progression avec deux nouveaux en 2022 (Gervais Buissi\u00e8re et esplanade du Rize).<\/p>\n\n\n\n<p>Pour suivre toute l\u2019action municipale, nous vous donnons rendez-vous la premi\u00e8re semaine de juillet dans la rue&nbsp;\u00e0 la rencontre des \u00e9lu\u00b7e\u00b7s !<\/p>\n","protected":false},"excerpt":{"rendered":"<p>Nous ne pourrons pas d\u00e9velopper ici tout ce que nous avons fait et tout ce qui nous reste \u00e0 faire pour tenir nos engagements aupr\u00e8s des Villeurbannais\u00b7e\u00b7s. Voici cependant quelques-unes de nos actions de l\u2019ann\u00e9e, et d\u2019autres \u00e0 venir. Nous avons \u00e9tabli diff\u00e9rents plans, comme le contrat local de sant\u00e9 qui sera effectif en 2023&#8230;.<\/p>\n","protected":false},"author":1,"featured_media":0,"comment_status":"open","ping_status":"open","sticky":false,"template":"","format":"standard","meta":[],"categories":[89,17],"tags":[36],"_links":{"self":[{"href":"https:\/\/villeurbanne-insoumise-ensemble.fr\/index.php?rest_route=\/wp\/v2\/posts\/1146"}],"collection":[{"href":"https:\/\/villeurbanne-insoumise-ensemble.fr\/index.php?rest_route=\/wp\/v2\/posts"}],"about":[{"href":"https:\/\/villeurbanne-insoumise-ensemble.fr\/index.php?rest_route=\/wp\/v2\/types\/post"}],"author":[{"embeddable":true,"href":"https:\/\/villeurbanne-insoumise-ensemble.fr\/index.php?rest_route=\/wp\/v2\/users\/1"}],"replies":[{"embeddable":true,"href":"https:\/\/villeurbanne-insoumise-ensemble.fr\/index.php?rest_route=%2Fwp%2Fv2%2Fcomments&post=1146"}],"version-history":[{"count":1,"href":"https:\/\/villeurbanne-insoumise-ensemble.fr\/index.php?rest_route=\/wp\/v2\/posts\/1146\/revisions"}],"predecessor-version":[{"id":1147,"href":"https:\/\/villeurbanne-insoumise-ensemble.fr\/index.php?rest_route=\/wp\/v2\/posts\/1146\/revisions\/1147"}],"wp:attachment":[{"href":"https:\/\/villeurbanne-insoumise-ensemble.fr\/index.php?rest_route=%2Fwp%2Fv2%2Fmedia&parent=1146"}],"wp:term":[{"taxonomy":"category","embeddable":true,"href":"https:\/\/villeurbanne-insoumise-ensemble.fr\/index.php?rest_route=%2Fwp%2Fv2%2Fcategories&post=1146"},{"taxonomy":"post_tag","embeddable":true,"href":"https:\/\/villeurbanne-insoumise-ensemble.fr\/index.php?rest_route=%2Fwp%2Fv2%2Ftags&post=1146"}],"curies":[{"name":"wp","href":"https:\/\/api.w.org\/{rel}","templated":true}]}}