{"id":1128,"date":"2022-07-12T11:07:39","date_gmt":"2022-07-12T09:07:39","guid":{"rendered":"https:\/\/villeurbanne-insoumise-ensemble.fr\/?p=1128"},"modified":"2023-11-22T16:38:45","modified_gmt":"2023-11-22T15:38:45","slug":"le-but-a-toujours-ete-de-garder-un-marche-populaire","status":"publish","type":"post","link":"https:\/\/villeurbanne-insoumise-ensemble.fr\/?p=1128","title":{"rendered":"Le but a toujours \u00e9t\u00e9 de garder un march\u00e9 populaire !"},"content":{"rendered":"\n<p><em>Par Aurore GORRIQUER<\/em><\/p>\n\n\n\n<figure class=\"wp-block-embed is-type-video is-provider-youtube wp-block-embed-youtube wp-embed-aspect-16-9 wp-has-aspect-ratio\"><div class=\"wp-block-embed__wrapper\">\n<iframe loading=\"lazy\" title=\"Aurore GORRIQUER - Le but a toujours \u00e9t\u00e9 de garder un march\u00e9 populaire !\" width=\"640\" height=\"360\" src=\"https:\/\/www.youtube.com\/embed\/TiaVd_1Z8Zw?feature=oembed\" frameborder=\"0\" allow=\"accelerometer; autoplay; clipboard-write; encrypted-media; gyroscope; picture-in-picture\" allowfullscreen><\/iframe>\n<\/div><\/figure>\n\n\n\n<p>Cela fait plus de vingt ans que les premiers tramways modernes de l&#8217;agglom\u00e9ration lyonnaise ont \u00e9t\u00e9 lanc\u00e9s et que le tram T1 est arriv\u00e9 \u00e0 Villeurbanne. Depuis, notre ville a b\u00e9n\u00e9fici\u00e9 de deux nouvelles lignes : la ligne T3 en 2006 et la ligne T4 en 2009. La ligne T6, qui ira des h\u00f4pitaux du Vinatier jusqu&#8217;au campus de la Doua, arrivera donc en 2026, 17 ans apr\u00e8s la derni\u00e8re mise en service d&#8217;un nouveau tram \u00e0 Villeurbanne.<\/p>\n\n\n\n<p>Les transports en commun r\u00e9pondent, tout comme les march\u00e9s, aux besoins quotidiens des villeurbannais et villeurbannaises. Tracer une nouvelle ligne de tram ce n&#8217;est pas toujours simple, il faut que la ligne soit efficace tout en prenant en compte ce qui existe d\u00e9j\u00e0. On ne trace pas une ligne de tram comme \u00e7a sur une carte sans r\u00e9flexion, des \u00e9tudes ont \u00e9t\u00e9 men\u00e9es puis une concertation aupr\u00e8s des habitants.<\/p>\n\n\n\n<p>Au final, c&#8217;est ce trac\u00e9 qui a \u00e9t\u00e9 choisi. Il nous impose de supprimer l&#8217;espace attribu\u00e9 \u00e0 un march\u00e9 et nous aurions pr\u00e9f\u00e9r\u00e9 avoir d&#8217;autres solutions, mais nous ne pouvons pas mettre de c\u00f4t\u00e9 un projet important pour celles et ceux dont les d\u00e9placements d\u00e9pendent largement des transports en commun, notamment les personnes qui n&#8217;ont pas les moyens de se financer une voiture. Ils permettent de se d\u00e9placer plus rapidement qu&#8217;\u00e0 pied, nous devons penser \u00e0 l&#8217;int\u00e9r\u00eat g\u00e9n\u00e9ral de nos politiques, et le d\u00e9veloppement des transports en commun lourds et rapide est d&#8217;int\u00e9r\u00eat g\u00e9n\u00e9ral.<\/p>\n\n\n\n<p>Il ne s&#8217;agit \u00e9videmment pas de supprimer le march\u00e9 mais de le d\u00e9placer. C&#8217;est pourquoi la tr\u00e8s grande majorit\u00e9 des commer\u00e7ants a \u00e9t\u00e9 choisie pour le nouveau march\u00e9. Il n&#8217;a d&#8217;ailleurs jamais \u00e9t\u00e9 question de remplacer les forains alimentaires actuels par d&#8217;autre commer\u00e7ants plus chers : le but a toujours \u00e9t\u00e9 de garder un march\u00e9 populaire, o\u00f9 tout le monde peut venir faire ses courses.&nbsp;<\/p>\n\n\n\n<p>Pour les forains qui n&#8217;ont pas pu \u00eatre d\u00e9plac\u00e9s, et notamment pour les vendeurs de produits non-alimentaires, Monsieur le Maire et Monsieur Paul Campy, adjoint au d\u00e9veloppement \u00e9conomique, ont entam\u00e9 un dialogue et propos\u00e9 des solutions \u00e0 plusieurs reprises qui ont \u00e9t\u00e9 ou non accept\u00e9es. Nous souhaitons bien s\u00fbr que personne ne soit mis de c\u00f4t\u00e9.<\/p>\n\n\n\n<p>Pour l&#8217;int\u00e9r\u00eat g\u00e9n\u00e9ral et le d\u00e9veloppement des transports en commun, nous soutiendrons donc cette d\u00e9lib\u00e9ration.&nbsp;<\/p>\n","protected":false},"excerpt":{"rendered":"<p>Par Aurore GORRIQUER Cela fait plus de vingt ans que les premiers tramways modernes de l&#8217;agglom\u00e9ration lyonnaise ont \u00e9t\u00e9 lanc\u00e9s et que le tram T1 est arriv\u00e9 \u00e0 Villeurbanne. Depuis, notre ville a b\u00e9n\u00e9fici\u00e9 de deux nouvelles lignes : la ligne T3 en 2006 et la ligne T4 en 2009. La ligne T6, qui ira&#8230;<\/p>\n","protected":false},"author":1,"featured_media":0,"comment_status":"open","ping_status":"open","sticky":false,"template":"","format":"standard","meta":[],"categories":[161,7],"tags":[187],"_links":{"self":[{"href":"https:\/\/villeurbanne-insoumise-ensemble.fr\/index.php?rest_route=\/wp\/v2\/posts\/1128"}],"collection":[{"href":"https:\/\/villeurbanne-insoumise-ensemble.fr\/index.php?rest_route=\/wp\/v2\/posts"}],"about":[{"href":"https:\/\/villeurbanne-insoumise-ensemble.fr\/index.php?rest_route=\/wp\/v2\/types\/post"}],"author":[{"embeddable":true,"href":"https:\/\/villeurbanne-insoumise-ensemble.fr\/index.php?rest_route=\/wp\/v2\/users\/1"}],"replies":[{"embeddable":true,"href":"https:\/\/villeurbanne-insoumise-ensemble.fr\/index.php?rest_route=%2Fwp%2Fv2%2Fcomments&post=1128"}],"version-history":[{"count":1,"href":"https:\/\/villeurbanne-insoumise-ensemble.fr\/index.php?rest_route=\/wp\/v2\/posts\/1128\/revisions"}],"predecessor-version":[{"id":1129,"href":"https:\/\/villeurbanne-insoumise-ensemble.fr\/index.php?rest_route=\/wp\/v2\/posts\/1128\/revisions\/1129"}],"wp:attachment":[{"href":"https:\/\/villeurbanne-insoumise-ensemble.fr\/index.php?rest_route=%2Fwp%2Fv2%2Fmedia&parent=1128"}],"wp:term":[{"taxonomy":"category","embeddable":true,"href":"https:\/\/villeurbanne-insoumise-ensemble.fr\/index.php?rest_route=%2Fwp%2Fv2%2Fcategories&post=1128"},{"taxonomy":"post_tag","embeddable":true,"href":"https:\/\/villeurbanne-insoumise-ensemble.fr\/index.php?rest_route=%2Fwp%2Fv2%2Ftags&post=1128"}],"curies":[{"name":"wp","href":"https:\/\/api.w.org\/{rel}","templated":true}]}}