{"id":1126,"date":"2022-07-12T11:05:51","date_gmt":"2022-07-12T09:05:51","guid":{"rendered":"https:\/\/villeurbanne-insoumise-ensemble.fr\/?p=1126"},"modified":"2023-11-22T16:38:33","modified_gmt":"2023-11-22T15:38:33","slug":"nous-refusons-les-profits-faits-avec-de-largent-public","status":"publish","type":"post","link":"https:\/\/villeurbanne-insoumise-ensemble.fr\/?p=1126","title":{"rendered":"Nous refusons les profits faits avec de l&#8217;argent public !"},"content":{"rendered":"\n<p><em>Par Ga\u00ebtan CONSTANT<\/em><\/p>\n\n\n\n<figure class=\"wp-block-embed is-type-video is-provider-youtube wp-block-embed-youtube wp-embed-aspect-16-9 wp-has-aspect-ratio\"><div class=\"wp-block-embed__wrapper\">\n<iframe loading=\"lazy\" title=\"Ga\u00ebtan CONSTANT - Nous refusons les profits priv\u00e9s faits avec de l&#039;argent public !\" width=\"640\" height=\"360\" src=\"https:\/\/www.youtube.com\/embed\/xaPxhiL2pJM?feature=oembed\" frameborder=\"0\" allow=\"accelerometer; autoplay; clipboard-write; encrypted-media; gyroscope; picture-in-picture\" allowfullscreen><\/iframe>\n<\/div><\/figure>\n\n\n\n<p>Il y a exactement 364 jours, notre groupe votait contre le renouvellement de la d\u00e9l\u00e9gation de service public vers le priv\u00e9. Comme chacun et chacune le sait, la d\u00e9lib\u00e9ration a malgr\u00e9 tout \u00e9t\u00e9 vot\u00e9e favorablement et nous voici, une ann\u00e9e plus tard, \u00e0 devoir voter pour choisir avec vous le d\u00e9l\u00e9gataire priv\u00e9 qui g\u00e8rera la cr\u00e8che Jean-Jacques Rousseau.<\/p>\n\n\n\n<p>L&#8217;avis de notre groupe n&#8217;a pas chang\u00e9. Nous sommes toujours contre le principe de d\u00e9l\u00e9guer au priv\u00e9 les services public, et ce pour les m\u00eames raisons qu&#8217;il y a un an. Pour rappel, nous refusons encore les profits priv\u00e9s faits avec de l&#8217;argent public et des salaires plus faibles des salari\u00e9es que des fonctionnaires. Comme nous l&#8217;avons dit dans notre intervention l&#8217;ann\u00e9e derni\u00e8re, nous ne voyons toujours pas la valeur ajout\u00e9e qu&#8217;apporterait un d\u00e9l\u00e9gataire priv\u00e9 ; c&#8217;est m\u00eame exactement l&#8217;inverse.<\/p>\n\n\n\n<p>C&#8217;est donc l&#8217;entreprise L\u00e9a et L\u00e9o qui a finalement \u00e9t\u00e9 retenue pour 5 nouvelles ann\u00e9es. En participant aux travaux de s\u00e9lection du d\u00e9l\u00e9gataire tout au long de l&#8217;ann\u00e9e, nous avons bien constat\u00e9 que mettre un d\u00e9l\u00e9gataire de l&#8217;\u00e9conomie sociale et solidaire \u00e0 la place d&#8217;un d\u00e9l\u00e9gataire priv\u00e9 est tr\u00e8s difficile. C&#8217;est tout simplement parce qu&#8217;avec les r\u00e8gles de march\u00e9s publics aujourd&#8217;hui, les gros groupes priv\u00e9s (L\u00e9a et L\u00e9o compte un chiffre d&#8217;affaires qui d\u00e9passe les 10 millions d&#8217;euros) ont bien plus de chance d&#8217;\u00eatre s\u00e9lectionn\u00e9s. Le choix est fait sur la base d&#8217;un cahier des charges et de crit\u00e8res objectifs par les services, et personne ne peut donc garantir quoique ce soit, contrairement \u00e0 ce qu&#8217;on nous avait dit l&#8217;ann\u00e9e derni\u00e8re.<\/p>\n\n\n\n<p>Nous continuerons \u00e0 \u00eatre attentifs aux bilans produits. Dans quelques ann\u00e9es, quand la question de passer en r\u00e9gie publique se reposera, nous souhaitons qu&#8217;ils servent \u00e0 remettre en question la d\u00e9l\u00e9gation au priv\u00e9.&nbsp;<\/p>\n\n\n\n<p>N\u00e9anmoins et comme je le disais, le vote a \u00e9t\u00e9 fait et nous ne pouvons pas revenir dessus. Nous n&#8217;allons pas voter contre, ce serait mettre en difficult\u00e9 les services de la mairie et les usagers de la cr\u00e8che. M\u00eame si nous sommes contre les d\u00e9l\u00e9gations de service public, nous ne voulons pas pour autant que le service public des villeurbannais et villeurbannaises souffre et soit indisponible, d&#8217;autant plus que la situation dans les cr\u00e8ches municipales, d&#8217;une mani\u00e8re g\u00e9n\u00e9rale, est d\u00e9j\u00e0 compliqu\u00e9e, avec un manque de personnel tr\u00e8s inqui\u00e9tant.&nbsp;<\/p>\n\n\n\n<p>Mais, vous vous en doutez, nous ne voulons pas pour autant voter pour cette d\u00e9lib\u00e9ration, en coh\u00e9rence avec la position que j&#8217;ai rappel\u00e9e. Nous allons donc nous abstenir.<\/p>\n","protected":false},"excerpt":{"rendered":"<p>Par Ga\u00ebtan CONSTANT Il y a exactement 364 jours, notre groupe votait contre le renouvellement de la d\u00e9l\u00e9gation de service public vers le priv\u00e9. Comme chacun et chacune le sait, la d\u00e9lib\u00e9ration a malgr\u00e9 tout \u00e9t\u00e9 vot\u00e9e favorablement et nous voici, une ann\u00e9e plus tard, \u00e0 devoir voter pour choisir avec vous le d\u00e9l\u00e9gataire priv\u00e9&#8230;<\/p>\n","protected":false},"author":1,"featured_media":0,"comment_status":"open","ping_status":"open","sticky":false,"template":"","format":"standard","meta":[],"categories":[161,7],"tags":[46,44,43],"_links":{"self":[{"href":"https:\/\/villeurbanne-insoumise-ensemble.fr\/index.php?rest_route=\/wp\/v2\/posts\/1126"}],"collection":[{"href":"https:\/\/villeurbanne-insoumise-ensemble.fr\/index.php?rest_route=\/wp\/v2\/posts"}],"about":[{"href":"https:\/\/villeurbanne-insoumise-ensemble.fr\/index.php?rest_route=\/wp\/v2\/types\/post"}],"author":[{"embeddable":true,"href":"https:\/\/villeurbanne-insoumise-ensemble.fr\/index.php?rest_route=\/wp\/v2\/users\/1"}],"replies":[{"embeddable":true,"href":"https:\/\/villeurbanne-insoumise-ensemble.fr\/index.php?rest_route=%2Fwp%2Fv2%2Fcomments&post=1126"}],"version-history":[{"count":1,"href":"https:\/\/villeurbanne-insoumise-ensemble.fr\/index.php?rest_route=\/wp\/v2\/posts\/1126\/revisions"}],"predecessor-version":[{"id":1127,"href":"https:\/\/villeurbanne-insoumise-ensemble.fr\/index.php?rest_route=\/wp\/v2\/posts\/1126\/revisions\/1127"}],"wp:attachment":[{"href":"https:\/\/villeurbanne-insoumise-ensemble.fr\/index.php?rest_route=%2Fwp%2Fv2%2Fmedia&parent=1126"}],"wp:term":[{"taxonomy":"category","embeddable":true,"href":"https:\/\/villeurbanne-insoumise-ensemble.fr\/index.php?rest_route=%2Fwp%2Fv2%2Fcategories&post=1126"},{"taxonomy":"post_tag","embeddable":true,"href":"https:\/\/villeurbanne-insoumise-ensemble.fr\/index.php?rest_route=%2Fwp%2Fv2%2Ftags&post=1126"}],"curies":[{"name":"wp","href":"https:\/\/api.w.org\/{rel}","templated":true}]}}