{"id":1124,"date":"2022-07-12T11:04:18","date_gmt":"2022-07-12T09:04:18","guid":{"rendered":"https:\/\/villeurbanne-insoumise-ensemble.fr\/?p=1124"},"modified":"2023-11-22T16:38:03","modified_gmt":"2023-11-22T15:38:03","slug":"largent-public-pour-lecole-publique","status":"publish","type":"post","link":"https:\/\/villeurbanne-insoumise-ensemble.fr\/?p=1124","title":{"rendered":"L&#8217;argent public pour l&#8217;\u00e9cole publique !"},"content":{"rendered":"\n<p><em>Par Julien RAVELLO<\/em><\/p>\n\n\n\n<figure class=\"wp-block-embed is-type-video is-provider-youtube wp-block-embed-youtube wp-embed-aspect-16-9 wp-has-aspect-ratio\"><div class=\"wp-block-embed__wrapper\">\n<iframe loading=\"lazy\" title=\"Julien RAVELLO - L&#039;argent public pour l&#039;\u00e9cole publique !\" width=\"640\" height=\"360\" src=\"https:\/\/www.youtube.com\/embed\/DECevgpbM9g?feature=oembed\" frameborder=\"0\" allow=\"accelerometer; autoplay; clipboard-write; encrypted-media; gyroscope; picture-in-picture\" allowfullscreen><\/iframe>\n<\/div><\/figure>\n\n\n\n<p>Comme l&#8217;ann\u00e9e derni\u00e8re et pour les m\u00eames raisons, nous allons nous abstenir sur ce rapport. L\u2019\u00c9tat et les collectivit\u00e9s locales n&#8217;ont pas \u00e0 financer les \u00e9coles qui concurrencent le service public. Les \u00e9coles priv\u00e9es participent de fait au contournement des dispositifs pour lutter contre la s\u00e9gr\u00e9gation socio-spatiale et donc la renforcent. On l&#8217;avait d\u00e9j\u00e0 dit l&#8217;ann\u00e9e derni\u00e8re, l&#8217;argent public pour l&#8217;\u00e9cole publique et l&#8217;argent priv\u00e9 pour l&#8217;\u00e9cole priv\u00e9e !<\/p>\n","protected":false},"excerpt":{"rendered":"<p>Par Julien RAVELLO Comme l&#8217;ann\u00e9e derni\u00e8re et pour les m\u00eames raisons, nous allons nous abstenir sur ce rapport. L\u2019\u00c9tat et les collectivit\u00e9s locales n&#8217;ont pas \u00e0 financer les \u00e9coles qui concurrencent le service public. Les \u00e9coles priv\u00e9es participent de fait au contournement des dispositifs pour lutter contre la s\u00e9gr\u00e9gation socio-spatiale et donc la renforcent. On&#8230;<\/p>\n","protected":false},"author":1,"featured_media":0,"comment_status":"open","ping_status":"open","sticky":false,"template":"","format":"standard","meta":[],"categories":[161,7],"tags":[43],"_links":{"self":[{"href":"https:\/\/villeurbanne-insoumise-ensemble.fr\/index.php?rest_route=\/wp\/v2\/posts\/1124"}],"collection":[{"href":"https:\/\/villeurbanne-insoumise-ensemble.fr\/index.php?rest_route=\/wp\/v2\/posts"}],"about":[{"href":"https:\/\/villeurbanne-insoumise-ensemble.fr\/index.php?rest_route=\/wp\/v2\/types\/post"}],"author":[{"embeddable":true,"href":"https:\/\/villeurbanne-insoumise-ensemble.fr\/index.php?rest_route=\/wp\/v2\/users\/1"}],"replies":[{"embeddable":true,"href":"https:\/\/villeurbanne-insoumise-ensemble.fr\/index.php?rest_route=%2Fwp%2Fv2%2Fcomments&post=1124"}],"version-history":[{"count":1,"href":"https:\/\/villeurbanne-insoumise-ensemble.fr\/index.php?rest_route=\/wp\/v2\/posts\/1124\/revisions"}],"predecessor-version":[{"id":1125,"href":"https:\/\/villeurbanne-insoumise-ensemble.fr\/index.php?rest_route=\/wp\/v2\/posts\/1124\/revisions\/1125"}],"wp:attachment":[{"href":"https:\/\/villeurbanne-insoumise-ensemble.fr\/index.php?rest_route=%2Fwp%2Fv2%2Fmedia&parent=1124"}],"wp:term":[{"taxonomy":"category","embeddable":true,"href":"https:\/\/villeurbanne-insoumise-ensemble.fr\/index.php?rest_route=%2Fwp%2Fv2%2Fcategories&post=1124"},{"taxonomy":"post_tag","embeddable":true,"href":"https:\/\/villeurbanne-insoumise-ensemble.fr\/index.php?rest_route=%2Fwp%2Fv2%2Ftags&post=1124"}],"curies":[{"name":"wp","href":"https:\/\/api.w.org\/{rel}","templated":true}]}}