{"id":1122,"date":"2022-07-12T11:01:21","date_gmt":"2022-07-12T09:01:21","guid":{"rendered":"https:\/\/villeurbanne-insoumise-ensemble.fr\/?p=1122"},"modified":"2023-11-22T16:36:56","modified_gmt":"2023-11-22T15:36:56","slug":"proposer-des-spectacles-gratuit-fait-figure-de-resistance","status":"publish","type":"post","link":"https:\/\/villeurbanne-insoumise-ensemble.fr\/?p=1122","title":{"rendered":"Proposer des spectacles gratuit fait figure de r\u00e9sistance !"},"content":{"rendered":"\n<p><em>Par Danielle CARASCO<\/em><\/p>\n\n\n\n<figure class=\"wp-block-embed is-type-video is-provider-youtube wp-block-embed-youtube wp-embed-aspect-16-9 wp-has-aspect-ratio\"><div class=\"wp-block-embed__wrapper\">\n<iframe loading=\"lazy\" title=\"Danielle CARASCO - Proposer des spectacles gratuits fait figure de r\u00e9sistance !\" width=\"640\" height=\"360\" src=\"https:\/\/www.youtube.com\/embed\/q4IUhOqWZVw?feature=oembed\" frameborder=\"0\" allow=\"accelerometer; autoplay; clipboard-write; encrypted-media; gyroscope; picture-in-picture\" allowfullscreen><\/iframe>\n<\/div><\/figure>\n\n\n\n<p>Dans la for\u00eat des chiffres qui donnent le tournis, nous avons choisi de sortir \u00e0 la lumi\u00e8re certains bosquets de lignes et de les animer sur le devant de la sc\u00e8ne !&nbsp;<\/p>\n\n\n\n<p>Les sommes qui ressortent le plus dans cet ajustement budg\u00e9taire sont celles de Capitale fran\u00e7aise de la culture. En tout, ce sont plus de cinq millions cinq-cent mille euros qui ont \u00e9t\u00e9 ajout\u00e9s au budget 2022 pour tous les \u00e9v\u00e9nements du d\u00e9but et de la fin d&#8217;ann\u00e9e, dont les plus visibles ont \u00e9t\u00e9 le festival R\u00e9el en juin, avec 43 000 participants et participantes et la f\u00eate de la musique le long des cours Vitton \u00e0 Lyon et Emile Zola \u00e0 Villeurbanne. Mais nous n&#8217;oublions pas les centaines d&#8217;autres \u00e9v\u00e9nements qui ont lieu tous les jours, et pour tous les publics, enfants, jeunes, familles&#8230;&nbsp;<\/p>\n\n\n\n<p>A l&#8217;heure du d\u00e9sengagement massif de la r\u00e9gion dans les subventions culturelles, proposer des animations et spectacles gratuits fait figure de r\u00e9sistance. La gratuit\u00e9 permet de faire venir des personnes qui, sinon, n&#8217;auraient jamais pens\u00e9 \u00e0 se rendre \u00e0 ces \u00e9v\u00e9nements. Elle peut \u00eatre suffisamment motivante pour que les autres obstacles d&#8217;acc\u00e8s comme le temps de transports, le temps d\u00e9gag\u00e9 et ainsi de suite&#8230; deviennent moins forts. Elle permet de cr\u00e9er du lien social entre des personnes qui ne se seraient peut-\u00eatre jamais rencontr\u00e9es autrement. Il serait d&#8217;ailleurs int\u00e9ressant d&#8217;avoir des statistiques sur le type de personnes qui ont fr\u00e9quent\u00e9 depuis six mois les \u00e9v\u00e9nements de capitale fran\u00e7aise de la culture, pour v\u00e9rifier concr\u00e8tement si les classes sociales les plus d\u00e9favoris\u00e9es en ont bien b\u00e9n\u00e9fici\u00e9.&nbsp;<\/p>\n\n\n\n<p>Dans un autre registre, plusieurs d\u00e9penses de fonctionnement ont retenu notre attention : les surco\u00fbts li\u00e9s \u00e0 l&#8217;achat de denr\u00e9es alimentaires (40 000\u20ac) et ceux li\u00e9s \u00e0 la hausse des prix du carburant (70 000\u20ac), pour un total de 110 000\u20ac. Ces d\u00e9penses impr\u00e9vues, mais contraintes, sont directement li\u00e9es \u00e0 l&#8217;inflation en cours et touchent les citoyens comme les collectivit\u00e9s. Pour rappel, les prix \u00e0 la consommation ont augment\u00e9 de plus de 5% en un an et davantage encore pour les aliments les plus essentiels : plus de 15% pour les p\u00e2tes, 11% pour la viande surgel\u00e9e et pour la farine. Les totems qui affichent les prix de l&#8217;essence restent coinc\u00e9s au-dessus des deux euros le litre depuis des mois, bien au-dessus de ce qu&#8217;ils indiquaient au d\u00e9but du mouvement des Gilets Jaunes. Et on sait que la hausse des prix est davantage ressentie par les plus pauvres. Combien de temps cela peut-il durer sans crise sociale majeure ? L\u2019Etat doit d&#8217;urgence bloquer les prix \u00e0 la baisse des produits de premi\u00e8re n\u00e9cessit\u00e9 et donner les moyens aux collectivit\u00e9s de lutter concr\u00e8tement et localement contre la pauvret\u00e9.<\/p>\n\n\n\n<p>Nous voterons bien s\u00fbr favorablement cette d\u00e9lib\u00e9ration.<\/p>\n\n\n\n<p><em>Seul le prononc\u00e9 fait fois.<\/em><\/p>\n","protected":false},"excerpt":{"rendered":"<p>Par Danielle CARASCO Dans la for\u00eat des chiffres qui donnent le tournis, nous avons choisi de sortir \u00e0 la lumi\u00e8re certains bosquets de lignes et de les animer sur le devant de la sc\u00e8ne !&nbsp; Les sommes qui ressortent le plus dans cet ajustement budg\u00e9taire sont celles de Capitale fran\u00e7aise de la culture. En tout,&#8230;<\/p>\n","protected":false},"author":1,"featured_media":0,"comment_status":"open","ping_status":"open","sticky":false,"template":"","format":"standard","meta":[],"categories":[161,7],"tags":[54,77],"_links":{"self":[{"href":"https:\/\/villeurbanne-insoumise-ensemble.fr\/index.php?rest_route=\/wp\/v2\/posts\/1122"}],"collection":[{"href":"https:\/\/villeurbanne-insoumise-ensemble.fr\/index.php?rest_route=\/wp\/v2\/posts"}],"about":[{"href":"https:\/\/villeurbanne-insoumise-ensemble.fr\/index.php?rest_route=\/wp\/v2\/types\/post"}],"author":[{"embeddable":true,"href":"https:\/\/villeurbanne-insoumise-ensemble.fr\/index.php?rest_route=\/wp\/v2\/users\/1"}],"replies":[{"embeddable":true,"href":"https:\/\/villeurbanne-insoumise-ensemble.fr\/index.php?rest_route=%2Fwp%2Fv2%2Fcomments&post=1122"}],"version-history":[{"count":1,"href":"https:\/\/villeurbanne-insoumise-ensemble.fr\/index.php?rest_route=\/wp\/v2\/posts\/1122\/revisions"}],"predecessor-version":[{"id":1123,"href":"https:\/\/villeurbanne-insoumise-ensemble.fr\/index.php?rest_route=\/wp\/v2\/posts\/1122\/revisions\/1123"}],"wp:attachment":[{"href":"https:\/\/villeurbanne-insoumise-ensemble.fr\/index.php?rest_route=%2Fwp%2Fv2%2Fmedia&parent=1122"}],"wp:term":[{"taxonomy":"category","embeddable":true,"href":"https:\/\/villeurbanne-insoumise-ensemble.fr\/index.php?rest_route=%2Fwp%2Fv2%2Fcategories&post=1122"},{"taxonomy":"post_tag","embeddable":true,"href":"https:\/\/villeurbanne-insoumise-ensemble.fr\/index.php?rest_route=%2Fwp%2Fv2%2Ftags&post=1122"}],"curies":[{"name":"wp","href":"https:\/\/api.w.org\/{rel}","templated":true}]}}