{"id":1116,"date":"2022-05-01T09:53:00","date_gmt":"2022-05-01T07:53:00","guid":{"rendered":"https:\/\/villeurbanne-insoumise-ensemble.fr\/?p=1116"},"modified":"2023-11-22T16:34:43","modified_gmt":"2023-11-22T15:34:43","slug":"des-nouveaux-rythmes-scolaires-a-leducation-populaire","status":"publish","type":"post","link":"https:\/\/villeurbanne-insoumise-ensemble.fr\/?p=1116","title":{"rendered":"Des nouveaux rythmes scolaires \u00e0 l\u2019\u00e9ducation populaire !"},"content":{"rendered":"\n<p>La rentr\u00e9e 2022 va voir les enfants villeurbannais changer de rythme scolaire. Le Projet \u00e9ducatif de territoire (PEDT) pr\u00e9voyait en effet une consultation des parents et personnels \u00e9ducatifs, et ce sont les 4 jours qui l\u2019ont emport\u00e9.<\/p>\n\n\n\n<p>Cette \u00e9volution est une formidable opportunit\u00e9 pour \u00e9largir et am\u00e9liorer les modes d\u2019accueil p\u00e9riscolaire. L\u2019accueil municipal des enfants ne se limite pas \u00e0 l\u2019\u00e9cole : d\u2019autres structures pourraient voir le jour pour r\u00e9tablir plus d\u2019\u00e9galit\u00e9 entre les enfants dans l\u2019acc\u00e8s aux loisirs, en dehors des temps scolaires.&nbsp;&nbsp;<\/p>\n\n\n\n<p>La priorit\u00e9 doit \u00eatre donn\u00e9e \u00e0 l\u2019\u00e9ducation populaire comme mode de transmission des connaissances. Contrairement au mod\u00e8le \u00e9ducatif classique, elle est horizontale : chaque personne apprend de l\u2019autre et apprend \u00e0 l\u2019autre. Ce type de discussions permet de se sentir autoris\u00e9 \u00e0 penser par soi-m\u00eame, de ne pas attendre que l\u2019on pense pour soi.&nbsp;<\/p>\n\n\n\n<p>Nous l\u2019avons d\u00e9j\u00e0 d\u00e9fendue par un soutien \u00e0 la MJC de Villeurbanne ; nous la soutenons maintenant dans l\u2019accueil p\u00e9riscolaire. L\u2019objectif est simple : \u00e9manciper les individus en faisant en sorte que leur vision du monde soit d\u00e9battue et devienne critique. C\u2019est en comprenant la soci\u00e9t\u00e9 dans laquelle on vit que l\u2019on devient capable d\u2019envisager sa transformation et d\u2019agir pour la faire advenir.&nbsp; L\u2019\u00e9ducation populaire rempli d\u2019ailleurs 3 des 5 objectifs du PEDT : favoriser la r\u00e9ussite \u00e9ducative et l\u2019\u00e9mancipation, encourager la participation et la citoyennet\u00e9 des enfants et renforcer la continuit\u00e9 \u00e9ducative entre les temps de l\u2019enfant. N\u2019attendons plus !<\/p>\n\n\n\n<p>Mais sa mise en \u0153uvre ne pourra fonctionner que si les conditions de travail des animateurs sont bonnes. Ces m\u00e9tiers sont tr\u00e8s souvent pr\u00e9caires et mal pay\u00e9s : comment exercer correctement dans de telles circonstances ? C\u2019est donc \u00e0 nous, municipalit\u00e9, de les d\u00e9-pr\u00e9cariser, de les former et de valoriser leur salaire. Il en va du bon fonctionnement du service public, de la dignit\u00e9 des travailleurs, et du d\u00e9veloppement de la citoyennet\u00e9.<\/p>\n","protected":false},"excerpt":{"rendered":"<p>La rentr\u00e9e 2022 va voir les enfants villeurbannais changer de rythme scolaire. Le Projet \u00e9ducatif de territoire (PEDT) pr\u00e9voyait en effet une consultation des parents et personnels \u00e9ducatifs, et ce sont les 4 jours qui l\u2019ont emport\u00e9. Cette \u00e9volution est une formidable opportunit\u00e9 pour \u00e9largir et am\u00e9liorer les modes d\u2019accueil p\u00e9riscolaire. L\u2019accueil municipal des enfants&#8230;<\/p>\n","protected":false},"author":1,"featured_media":0,"comment_status":"open","ping_status":"open","sticky":false,"template":"","format":"standard","meta":[],"categories":[89,17],"tags":[43],"_links":{"self":[{"href":"https:\/\/villeurbanne-insoumise-ensemble.fr\/index.php?rest_route=\/wp\/v2\/posts\/1116"}],"collection":[{"href":"https:\/\/villeurbanne-insoumise-ensemble.fr\/index.php?rest_route=\/wp\/v2\/posts"}],"about":[{"href":"https:\/\/villeurbanne-insoumise-ensemble.fr\/index.php?rest_route=\/wp\/v2\/types\/post"}],"author":[{"embeddable":true,"href":"https:\/\/villeurbanne-insoumise-ensemble.fr\/index.php?rest_route=\/wp\/v2\/users\/1"}],"replies":[{"embeddable":true,"href":"https:\/\/villeurbanne-insoumise-ensemble.fr\/index.php?rest_route=%2Fwp%2Fv2%2Fcomments&post=1116"}],"version-history":[{"count":1,"href":"https:\/\/villeurbanne-insoumise-ensemble.fr\/index.php?rest_route=\/wp\/v2\/posts\/1116\/revisions"}],"predecessor-version":[{"id":1117,"href":"https:\/\/villeurbanne-insoumise-ensemble.fr\/index.php?rest_route=\/wp\/v2\/posts\/1116\/revisions\/1117"}],"wp:attachment":[{"href":"https:\/\/villeurbanne-insoumise-ensemble.fr\/index.php?rest_route=%2Fwp%2Fv2%2Fmedia&parent=1116"}],"wp:term":[{"taxonomy":"category","embeddable":true,"href":"https:\/\/villeurbanne-insoumise-ensemble.fr\/index.php?rest_route=%2Fwp%2Fv2%2Fcategories&post=1116"},{"taxonomy":"post_tag","embeddable":true,"href":"https:\/\/villeurbanne-insoumise-ensemble.fr\/index.php?rest_route=%2Fwp%2Fv2%2Ftags&post=1116"}],"curies":[{"name":"wp","href":"https:\/\/api.w.org\/{rel}","templated":true}]}}