{"id":110,"date":"2021-03-01T15:09:00","date_gmt":"2021-03-01T14:09:00","guid":{"rendered":"http:\/\/villeurbanne-insoumise-ensemble.fr\/?p=110"},"modified":"2023-11-22T15:43:28","modified_gmt":"2023-11-22T14:43:28","slug":"vite-une-democratie-feministe","status":"publish","type":"post","link":"https:\/\/villeurbanne-insoumise-ensemble.fr\/?p=110","title":{"rendered":"Vite, une d\u00e9mocratie f\u00e9ministe !"},"content":{"rendered":"\n<p><em>Mars 2021.<\/em><\/p>\n\n\n\n<p>La journ\u00e9e internationale des droits des femmes est l&#8217;occasion de partager notre exp\u00e9rience sur ce qu&#8217;est \u00eatre une femme en politique. Les \u00e9lections municipales nous ont amen\u00e9es \u00e0 interroger la direction que nous voulions donner \u00e0 notre implication citoyenne et militante. Fallait-il nous pr\u00e9senter ?<\/p>\n\n\n\n<p>La loi sur la parit\u00e9 a eu deux effets dans notre groupe. Les places sur la liste ne sont plus confisqu\u00e9es par des hommes, et celles d&#8217;entre nous qui se projetaient en tant qu&#8217;\u00e9lues avaient d\u00e9sormais toute leur place pour se porter candidates. Comme les femmes volontaires ne sont souvent pas assez nombreuses pour former une liste paritaire compl\u00e8te, alors plusieurs d&#8217;entre nous ont \u00e9t\u00e9 sollicit\u00e9es pour s&#8217;inscrire sur la liste et, finalement, se faire \u00e9lire. La loi nous a donn\u00e9 la possibilit\u00e9 d&#8217;obtenir un mandat, de faire valoir nos id\u00e9es, pour six ann\u00e9es \u00e0 Villeurbanne.<\/p>\n\n\n\n<p>Il a fallu une loi pour qu&#8217;un acc\u00e8s \u00e9gal aux mandats \u00e9lectoraux existe, m\u00eame si les r\u00f4les les plus d\u00e9cisionnaires sont encore d\u00e9tenus par des hommes (Pr\u00e9sident de la R\u00e9publique, du S\u00e9nat, de l&#8217;Assembl\u00e9e Nationale, 1er ministre\u2026). Comme il a fallu une loi aux femmes pour&nbsp; le droit d\u2019\u00e9tudier (1881), de voter (1945), de n&#8217;\u00eatre plus consid\u00e9r\u00e9es comme une personne mineure sous l\u2019autorit\u00e9 d&#8217;un p\u00e8re ou d&#8217;un&nbsp; mari (1965), de choisir si et quand avoir des enfants (1975).<\/p>\n\n\n\n<p>La parit\u00e9 en politique est n\u00e9cessaire. Chausser les lunettes du genre permet de voir les angles morts dans la r\u00e9flexion et le ciblage des politiques publiques.<\/p>\n\n\n\n<p>Les r\u00f4les politiques devraient pouvoir \u00eatre exerc\u00e9s par tous et toutes, peu importe le milieu social, le genre ou le niveau d&#8217;\u00e9tudes. La mixit\u00e9 permet de diversifier les points de vue, d&#8217;\u00e9viter l&#8217;entre-soi, de renouveler les pratiques, de recr\u00e9er du conflit d&#8217;opinion. Elle permet l&#8217;inclusion, la coop\u00e9ration et la responsabilit\u00e9 collective.<\/p>\n\n\n\n<p>La loi devrait permettre \u00e0 toutes et tous de se projeter dans un r\u00f4le d&#8217;\u00e9lu\u00b7e et d\u00e9couvrir \u00eatre \u00e0 la hauteur des t\u00e2ches attendues, et de gagner en l\u00e9gitimit\u00e9.<\/p>\n\n\n\n<p><em>Les \u00e9lu\u00b7es du groupe Villeurbanne insoumise Ensemble\u00a0!<\/em><\/p>\n","protected":false},"excerpt":{"rendered":"<p>Mars 2021. La journ\u00e9e internationale des droits des femmes est l&#8217;occasion de partager notre exp\u00e9rience sur ce qu&#8217;est \u00eatre une femme en politique. Les \u00e9lections municipales nous ont amen\u00e9es \u00e0 interroger la direction que nous voulions donner \u00e0 notre implication citoyenne et militante. Fallait-il nous pr\u00e9senter ? La loi sur la parit\u00e9 a eu deux&#8230;<\/p>\n","protected":false},"author":1,"featured_media":0,"comment_status":"open","ping_status":"open","sticky":false,"template":"","format":"standard","meta":[],"categories":[19,17],"tags":[36,185],"_links":{"self":[{"href":"https:\/\/villeurbanne-insoumise-ensemble.fr\/index.php?rest_route=\/wp\/v2\/posts\/110"}],"collection":[{"href":"https:\/\/villeurbanne-insoumise-ensemble.fr\/index.php?rest_route=\/wp\/v2\/posts"}],"about":[{"href":"https:\/\/villeurbanne-insoumise-ensemble.fr\/index.php?rest_route=\/wp\/v2\/types\/post"}],"author":[{"embeddable":true,"href":"https:\/\/villeurbanne-insoumise-ensemble.fr\/index.php?rest_route=\/wp\/v2\/users\/1"}],"replies":[{"embeddable":true,"href":"https:\/\/villeurbanne-insoumise-ensemble.fr\/index.php?rest_route=%2Fwp%2Fv2%2Fcomments&post=110"}],"version-history":[{"count":1,"href":"https:\/\/villeurbanne-insoumise-ensemble.fr\/index.php?rest_route=\/wp\/v2\/posts\/110\/revisions"}],"predecessor-version":[{"id":111,"href":"https:\/\/villeurbanne-insoumise-ensemble.fr\/index.php?rest_route=\/wp\/v2\/posts\/110\/revisions\/111"}],"wp:attachment":[{"href":"https:\/\/villeurbanne-insoumise-ensemble.fr\/index.php?rest_route=%2Fwp%2Fv2%2Fmedia&parent=110"}],"wp:term":[{"taxonomy":"category","embeddable":true,"href":"https:\/\/villeurbanne-insoumise-ensemble.fr\/index.php?rest_route=%2Fwp%2Fv2%2Fcategories&post=110"},{"taxonomy":"post_tag","embeddable":true,"href":"https:\/\/villeurbanne-insoumise-ensemble.fr\/index.php?rest_route=%2Fwp%2Fv2%2Ftags&post=110"}],"curies":[{"name":"wp","href":"https:\/\/api.w.org\/{rel}","templated":true}]}}