{"id":1096,"date":"2022-05-31T17:04:46","date_gmt":"2022-05-31T15:04:46","guid":{"rendered":"https:\/\/villeurbanne-insoumise-ensemble.fr\/?p=1096"},"modified":"2023-11-22T16:35:47","modified_gmt":"2023-11-22T15:35:47","slug":"nos-subventions-pour-la-politique-de-la-ville","status":"publish","type":"post","link":"https:\/\/villeurbanne-insoumise-ensemble.fr\/?p=1096","title":{"rendered":"Nos subventions pour la politique de la ville"},"content":{"rendered":"\n<p><em>Par Mathieu GARABEDIAN<\/em><\/p>\n\n\n\n<figure class=\"wp-block-embed is-type-video is-provider-youtube wp-block-embed-youtube wp-embed-aspect-16-9 wp-has-aspect-ratio\"><div class=\"wp-block-embed__wrapper\">\n<iframe loading=\"lazy\" title=\"Mathieu GARABEDIAN - Nos subventions pour la politique de la ville\" width=\"640\" height=\"360\" src=\"https:\/\/www.youtube.com\/embed\/tL3WQOcVxTc?feature=oembed\" frameborder=\"0\" allow=\"accelerometer; autoplay; clipboard-write; encrypted-media; gyroscope; picture-in-picture\" allowfullscreen><\/iframe>\n<\/div><\/figure>\n\n\n\n<p>Tr\u00e8s rapidement&nbsp;; donc il s\u2019agit du deuxi\u00e8me passage de subventions attribu\u00e9es au titre de la politique de la ville. Pour rappel, c\u2019est des subventions qui s\u2019inscrivent dans le cadre du contrat de ville, qui a des axes claires, valid\u00e9s avec la m\u00e9tropole et l\u2019Etat. Il s\u2019agit du d\u00e9veloppement urbain et \u00e9conomique des quartiers prioritaires, de la lutte contre les discriminations et de la lutte contre les in\u00e9galit\u00e9s, les politiques en faveur de l\u2019emploi et de l\u2019insertion, les politiques en faveur de l\u2019enfance et de la jeunesse dans les quartiers dits prioritaires, et toutes les initiatives qui peuvent \u00eatre port\u00e9es par des habitants ou des collectifs qui sont \u00e9videmment soutenus dans le cadre de ce contrat de ville.<\/p>\n\n\n\n<p>Je l\u2019avais d\u00e9j\u00e0 dit la derni\u00e8re fois, puisque c\u2019est la deuxi\u00e8me fois que \u00e7a passe en conseil, mais on est dans un p\u00e9riode un peu charni\u00e8re pour la politique de la ville. On se pose beaucoup de questions sur l\u2019avenir de cette politique publique. Je suis par ailleurs un peu inquiet par rapport \u00e0 l\u2019absence d\u2019un ministre de la ville ou m\u00eame d\u2019un ministre du logement dans le nouveau gouvernement. Et c\u2019est un peu symbolique et r\u00e9v\u00e9lateur, je n\u2019esp\u00e8re pas, mais des futurs engagements du gouvernement, en tout cas en la mati\u00e8re, et je suis tr\u00e8s attentif \u00e0 l\u2019avenir qui pourrait \u00eatre accord\u00e9 notamment aux cr\u00e9dits qui seront mis \u00e0 disposition de la ville de Villeurbanne.<\/p>\n\n\n\n<p><em>R\u00e9ponse \u00e0 la suite de l\u2019intervention du groupe \u00ab&nbsp;Villeurbanne progressiste&nbsp;\u00bb<\/em><\/p>\n\n\n\n<p>Pour rassurer monsieur Chabrier, il n\u2019y a pas malais. Il y a&nbsp; effectivement eu une discussion, il y a eu un commun accord avec les diff\u00e9rents groupes de la majorit\u00e9 pour essayer de d\u00e9caler cette d\u00e9lib\u00e9ration puisqu\u2019il y avait effectivement un contexte \u00e9lectoral et une peur d\u2019instrumentalisation de cette d\u00e9lib\u00e9ration qui aurait pu cr\u00e9er de la confusion sur l\u2019objet m\u00eame de cette subvention et de l\u2019action de l\u2019association dont vous parlez. Donc il n\u2019y a pas de malaise et effectivement, on aura l\u2019occasion lors d\u2019un prochain conseil municipal de discuter de cette subvention qui, je le rappelle, a vocation \u00e0 travailler avec des collectifs d\u2019habitants, notamment dans ce cas-l\u00e0 avec les habitants de Jacques Monot sur la question de la lutte contre la pr\u00e9carit\u00e9 \u00e9nerg\u00e9tique, qui est un des enjeux majeurs de la transition \u00e9cologique, dans un contexte o\u00f9, je le rappelle, on a un gouvernement qui lors des cinq derni\u00e8res ann\u00e9es a \u00e9t\u00e9 condamn\u00e9 par deux fois pour \u00ab&nbsp;inaction climatique&nbsp;\u00bb, et donc c\u2019est dans ce cadre-l\u00e0 qu\u2019on souhaite mener des actions avec les habitants.<\/p>\n","protected":false},"excerpt":{"rendered":"<p>Par Mathieu GARABEDIAN Tr\u00e8s rapidement&nbsp;; donc il s\u2019agit du deuxi\u00e8me passage de subventions attribu\u00e9es au titre de la politique de la ville. Pour rappel, c\u2019est des subventions qui s\u2019inscrivent dans le cadre du contrat de ville, qui a des axes claires, valid\u00e9s avec la m\u00e9tropole et l\u2019Etat. Il s\u2019agit du d\u00e9veloppement urbain et \u00e9conomique des&#8230;<\/p>\n","protected":false},"author":1,"featured_media":0,"comment_status":"open","ping_status":"open","sticky":false,"template":"","format":"standard","meta":[],"categories":[161,7],"tags":[108],"_links":{"self":[{"href":"https:\/\/villeurbanne-insoumise-ensemble.fr\/index.php?rest_route=\/wp\/v2\/posts\/1096"}],"collection":[{"href":"https:\/\/villeurbanne-insoumise-ensemble.fr\/index.php?rest_route=\/wp\/v2\/posts"}],"about":[{"href":"https:\/\/villeurbanne-insoumise-ensemble.fr\/index.php?rest_route=\/wp\/v2\/types\/post"}],"author":[{"embeddable":true,"href":"https:\/\/villeurbanne-insoumise-ensemble.fr\/index.php?rest_route=\/wp\/v2\/users\/1"}],"replies":[{"embeddable":true,"href":"https:\/\/villeurbanne-insoumise-ensemble.fr\/index.php?rest_route=%2Fwp%2Fv2%2Fcomments&post=1096"}],"version-history":[{"count":1,"href":"https:\/\/villeurbanne-insoumise-ensemble.fr\/index.php?rest_route=\/wp\/v2\/posts\/1096\/revisions"}],"predecessor-version":[{"id":1097,"href":"https:\/\/villeurbanne-insoumise-ensemble.fr\/index.php?rest_route=\/wp\/v2\/posts\/1096\/revisions\/1097"}],"wp:attachment":[{"href":"https:\/\/villeurbanne-insoumise-ensemble.fr\/index.php?rest_route=%2Fwp%2Fv2%2Fmedia&parent=1096"}],"wp:term":[{"taxonomy":"category","embeddable":true,"href":"https:\/\/villeurbanne-insoumise-ensemble.fr\/index.php?rest_route=%2Fwp%2Fv2%2Fcategories&post=1096"},{"taxonomy":"post_tag","embeddable":true,"href":"https:\/\/villeurbanne-insoumise-ensemble.fr\/index.php?rest_route=%2Fwp%2Fv2%2Ftags&post=1096"}],"curies":[{"name":"wp","href":"https:\/\/api.w.org\/{rel}","templated":true}]}}