{"id":1094,"date":"2022-05-31T17:03:29","date_gmt":"2022-05-31T15:03:29","guid":{"rendered":"https:\/\/villeurbanne-insoumise-ensemble.fr\/?p=1094"},"modified":"2023-11-22T16:35:40","modified_gmt":"2023-11-22T15:35:40","slug":"quelles-activites-du-ccas-en-2021","status":"publish","type":"post","link":"https:\/\/villeurbanne-insoumise-ensemble.fr\/?p=1094","title":{"rendered":"Quelles activit\u00e9s du CCAS en 2021 ?"},"content":{"rendered":"\n<p><em>Par Mathieu GARABEDIAN<\/em><\/p>\n\n\n\n<figure class=\"wp-block-embed is-type-video is-provider-youtube wp-block-embed-youtube wp-embed-aspect-16-9 wp-has-aspect-ratio\"><div class=\"wp-block-embed__wrapper\">\n<iframe loading=\"lazy\" title=\"Mathieu GARABEDIAN - Quelles activit\u00e9s du CCAS en 2021 ?\" width=\"640\" height=\"360\" src=\"https:\/\/www.youtube.com\/embed\/g8bsQnhN7uk?feature=oembed\" frameborder=\"0\" allow=\"accelerometer; autoplay; clipboard-write; encrypted-media; gyroscope; picture-in-picture\" allowfullscreen><\/iframe>\n<\/div><\/figure>\n\n\n\n<p>Tr\u00e8s rapidement parce qu\u2019on approche de la fin du conseil, pour les \u00e9lu.e.s vous avez tous pu avoir ce rapport sur vos bureaux&nbsp;; et pour les habitants et les habitantes de Villeurbanne, il sera disponible tr\u00e8s rapidement, si ce n\u2019est d\u00e9j\u00e0 fait, en ligne pour consultation.<\/p>\n\n\n\n<p>Donc c\u2019est le rapport un peu \u00ab&nbsp;nouvelle mouture&nbsp;\u00bb, si je puis dire, &nbsp;du centre communal d\u2019action social (CCAS) pour l\u2019ann\u00e9e 2021. Evidemment c\u2019est une ann\u00e9e qui a \u00e9t\u00e9 marqu\u00e9e par la suite de la crise sanitaire, de la crise Covid, et donc qui explique comment les \u00e9quipes du CCAS, tans les \u00e9quipes du service social au rez-de-chauss\u00e9e de l\u2019h\u00f4tel de ville et dans les maisons de services publics en quartier, et tant les \u00e9quipes de la direction seniors et vie interg\u00e9n\u00e9rationnelle, ont travaill\u00e9 on va dire sous contrainte pendant cette p\u00e9riode. Et \u00e7a permet \u00e9galement de dresser les grandes lignes de notre feuille de route en termes de politiques sociales qu\u2019on a pu d\u00e9ployer, tant Cristina Martineau avec la direction seniors et vie interg\u00e9n\u00e9rationnelle, et moi-m\u00eame avec la direction solidarit\u00e9 et inclusion sociale, qui donc depuis 2022 a chang\u00e9 de nom, comme je vous le disais tout \u00e0 l\u2019heure, pour regrouper \u00e9galement les actions de la politique de la ville.<\/p>\n\n\n\n<p>Tr\u00e8s rapidement, \u00e7a a \u00e9t\u00e9 une ann\u00e9e o\u00f9 on a pu avoir une action sur la lutte contre le sans-abrisme. Antoine Pelc\u00e9 le disait tout \u00e0 l\u2019heure. Un grand travail de concertation sur la lutte contre la pr\u00e9carit\u00e9 alimentaire, et on a pu travailler avec les associations sur ce th\u00e8me l\u00e0 et dresser des axes pour les prochaines ann\u00e9es. La question de l\u2019inclusion num\u00e9rique a \u00e9galement \u00e9t\u00e9 tr\u00e8s pr\u00e9sente, avec Ga\u00ebtan Constant sur la lutte contre la fracture num\u00e9rique. On commence aussi \u00e0 d\u00e9ployer la feuille de route de notre programme. Et puis, toutes les actions aupr\u00e8s de la maison des a\u00een\u00e9s et des r\u00e9sidences autonomie et des EHPADs, pour notamment l\u2019inclusion num\u00e9rique \u00e9galement.<\/p>\n\n\n\n<p>Voil\u00e0, je vous laisserai le d\u00e9couvrir et le feuilleter pour ceux qui l\u2019ont, et pour ceux qui l\u2019ont d\u00e9j\u00e0 re\u00e7u lors du dernier conseil d\u2019administration du CCAS, et je r\u00e9pondrai avec plaisir \u00e0 toutes les questions que vous pourriez avoir pour discuter de la suite de nos politiques sociales.<\/p>\n","protected":false},"excerpt":{"rendered":"<p>Par Mathieu GARABEDIAN Tr\u00e8s rapidement parce qu\u2019on approche de la fin du conseil, pour les \u00e9lu.e.s vous avez tous pu avoir ce rapport sur vos bureaux&nbsp;; et pour les habitants et les habitantes de Villeurbanne, il sera disponible tr\u00e8s rapidement, si ce n\u2019est d\u00e9j\u00e0 fait, en ligne pour consultation. Donc c\u2019est le rapport un peu&#8230;<\/p>\n","protected":false},"author":1,"featured_media":0,"comment_status":"open","ping_status":"open","sticky":false,"template":"","format":"standard","meta":[],"categories":[161,7],"tags":[180],"_links":{"self":[{"href":"https:\/\/villeurbanne-insoumise-ensemble.fr\/index.php?rest_route=\/wp\/v2\/posts\/1094"}],"collection":[{"href":"https:\/\/villeurbanne-insoumise-ensemble.fr\/index.php?rest_route=\/wp\/v2\/posts"}],"about":[{"href":"https:\/\/villeurbanne-insoumise-ensemble.fr\/index.php?rest_route=\/wp\/v2\/types\/post"}],"author":[{"embeddable":true,"href":"https:\/\/villeurbanne-insoumise-ensemble.fr\/index.php?rest_route=\/wp\/v2\/users\/1"}],"replies":[{"embeddable":true,"href":"https:\/\/villeurbanne-insoumise-ensemble.fr\/index.php?rest_route=%2Fwp%2Fv2%2Fcomments&post=1094"}],"version-history":[{"count":1,"href":"https:\/\/villeurbanne-insoumise-ensemble.fr\/index.php?rest_route=\/wp\/v2\/posts\/1094\/revisions"}],"predecessor-version":[{"id":1095,"href":"https:\/\/villeurbanne-insoumise-ensemble.fr\/index.php?rest_route=\/wp\/v2\/posts\/1094\/revisions\/1095"}],"wp:attachment":[{"href":"https:\/\/villeurbanne-insoumise-ensemble.fr\/index.php?rest_route=%2Fwp%2Fv2%2Fmedia&parent=1094"}],"wp:term":[{"taxonomy":"category","embeddable":true,"href":"https:\/\/villeurbanne-insoumise-ensemble.fr\/index.php?rest_route=%2Fwp%2Fv2%2Fcategories&post=1094"},{"taxonomy":"post_tag","embeddable":true,"href":"https:\/\/villeurbanne-insoumise-ensemble.fr\/index.php?rest_route=%2Fwp%2Fv2%2Ftags&post=1094"}],"curies":[{"name":"wp","href":"https:\/\/api.w.org\/{rel}","templated":true}]}}