{"id":1092,"date":"2022-05-31T17:01:35","date_gmt":"2022-05-31T15:01:35","guid":{"rendered":"https:\/\/villeurbanne-insoumise-ensemble.fr\/?p=1092"},"modified":"2023-11-22T16:35:32","modified_gmt":"2023-11-22T15:35:32","slug":"la-convention-avec-le-ccas-cest-quoi","status":"publish","type":"post","link":"https:\/\/villeurbanne-insoumise-ensemble.fr\/?p=1092","title":{"rendered":"La convention avec le CCAS, c&#8217;est quoi ?"},"content":{"rendered":"\n<p><em>Par Mathieu GARABEDIAN<\/em><\/p>\n\n\n\n<figure class=\"wp-block-embed is-type-video is-provider-youtube wp-block-embed-youtube wp-embed-aspect-16-9 wp-has-aspect-ratio\"><div class=\"wp-block-embed__wrapper\">\n<iframe loading=\"lazy\" title=\"Mathieu GARABEDIAN - La convention avec le CCAS, c&#039;est quoi ?\" width=\"640\" height=\"360\" src=\"https:\/\/www.youtube.com\/embed\/HC9KgDOIGk0?feature=oembed\" frameborder=\"0\" allow=\"accelerometer; autoplay; clipboard-write; encrypted-media; gyroscope; picture-in-picture\" allowfullscreen><\/iframe>\n<\/div><\/figure>\n\n\n\n<p>En quelques mots, il s\u2019agit de la convention qui lie la ville avec le CCAS. L\u2019actualisation porte notamment sur trois aspects&nbsp;:<\/p>\n\n\n\n<ul><li>La r\u00e9organisation de la direction solidarit\u00e9 \u2013 inclusion sociale, qui va se transformer en direction de l\u2019\u00e9galit\u00e9 sociale et territoriale, avec trois missions&nbsp;: le service social et solidarit\u00e9, l\u2019ancien service politique de la ville (qui \u00e9tait au sien de la direction d\u00e9mocratie des quartiers) qui rejoint cette nouvelle direction, et une troisi\u00e8me mission d\u2019observation et d\u2019analyse, qui \u00e9tait \u00e9galement au sein de la d\u00e9mocratie vie des quartiers.<\/li><li>Pour le deuxi\u00e8me point, la cr\u00e9ation en tant que telle d\u2019une mission hospitalit\u00e9 et lutte contre le sans-abrisme qui marque, on le verra tout \u00e0 l\u2019heure dans le rapport d\u2019activit\u00e9, mais aussi l\u2019engagement de la ville sur ces questions.<\/li><li>Et un troisi\u00e8me point sur la direction du CCAS, qui a d\u2019ailleurs chang\u00e9 tr\u00e8s r\u00e9cemment, et je salue la directrice qui est parmi nous, et dont le statut a un peu chang\u00e9 au sein du CCAS.<\/li><\/ul>\n","protected":false},"excerpt":{"rendered":"<p>Par Mathieu GARABEDIAN En quelques mots, il s\u2019agit de la convention qui lie la ville avec le CCAS. L\u2019actualisation porte notamment sur trois aspects&nbsp;: La r\u00e9organisation de la direction solidarit\u00e9 \u2013 inclusion sociale, qui va se transformer en direction de l\u2019\u00e9galit\u00e9 sociale et territoriale, avec trois missions&nbsp;: le service social et solidarit\u00e9, l\u2019ancien service politique&#8230;<\/p>\n","protected":false},"author":1,"featured_media":0,"comment_status":"open","ping_status":"open","sticky":false,"template":"","format":"standard","meta":[],"categories":[161,7],"tags":[180],"_links":{"self":[{"href":"https:\/\/villeurbanne-insoumise-ensemble.fr\/index.php?rest_route=\/wp\/v2\/posts\/1092"}],"collection":[{"href":"https:\/\/villeurbanne-insoumise-ensemble.fr\/index.php?rest_route=\/wp\/v2\/posts"}],"about":[{"href":"https:\/\/villeurbanne-insoumise-ensemble.fr\/index.php?rest_route=\/wp\/v2\/types\/post"}],"author":[{"embeddable":true,"href":"https:\/\/villeurbanne-insoumise-ensemble.fr\/index.php?rest_route=\/wp\/v2\/users\/1"}],"replies":[{"embeddable":true,"href":"https:\/\/villeurbanne-insoumise-ensemble.fr\/index.php?rest_route=%2Fwp%2Fv2%2Fcomments&post=1092"}],"version-history":[{"count":1,"href":"https:\/\/villeurbanne-insoumise-ensemble.fr\/index.php?rest_route=\/wp\/v2\/posts\/1092\/revisions"}],"predecessor-version":[{"id":1093,"href":"https:\/\/villeurbanne-insoumise-ensemble.fr\/index.php?rest_route=\/wp\/v2\/posts\/1092\/revisions\/1093"}],"wp:attachment":[{"href":"https:\/\/villeurbanne-insoumise-ensemble.fr\/index.php?rest_route=%2Fwp%2Fv2%2Fmedia&parent=1092"}],"wp:term":[{"taxonomy":"category","embeddable":true,"href":"https:\/\/villeurbanne-insoumise-ensemble.fr\/index.php?rest_route=%2Fwp%2Fv2%2Fcategories&post=1092"},{"taxonomy":"post_tag","embeddable":true,"href":"https:\/\/villeurbanne-insoumise-ensemble.fr\/index.php?rest_route=%2Fwp%2Fv2%2Ftags&post=1092"}],"curies":[{"name":"wp","href":"https:\/\/api.w.org\/{rel}","templated":true}]}}