{"id":1090,"date":"2022-05-31T17:00:06","date_gmt":"2022-05-31T15:00:06","guid":{"rendered":"https:\/\/villeurbanne-insoumise-ensemble.fr\/?p=1090"},"modified":"2023-11-22T16:35:23","modified_gmt":"2023-11-22T15:35:23","slug":"leau-est-un-bien-commun-essentiel","status":"publish","type":"post","link":"https:\/\/villeurbanne-insoumise-ensemble.fr\/?p=1090","title":{"rendered":"L&#8217;eau est un bien commun essentiel !"},"content":{"rendered":"\n<p><em>Par Julien RAVELLO<\/em><\/p>\n\n\n\n<figure class=\"wp-block-embed is-type-video is-provider-youtube wp-block-embed-youtube wp-embed-aspect-16-9 wp-has-aspect-ratio\"><div class=\"wp-block-embed__wrapper\">\n<iframe loading=\"lazy\" title=\"Julien RAVELLO - L&#039;eau est un bien commun essentiel\" width=\"640\" height=\"360\" src=\"https:\/\/www.youtube.com\/embed\/wUVcpqThYzg?feature=oembed\" frameborder=\"0\" allow=\"accelerometer; autoplay; clipboard-write; encrypted-media; gyroscope; picture-in-picture\" allowfullscreen><\/iframe>\n<\/div><\/figure>\n\n\n\n<p>En 1856, les Charpennes de Villeurbanne ont \u00e9t\u00e9 ray\u00e9es de la carte par la crue du Rh\u00f4ne et les destructions occasionn\u00e9es par l\u2019inondation. C\u2019est au cours des d\u00e9cennies suivantes que le fleuve a \u00e9t\u00e9 endigu\u00e9 et que les quais ont \u00e9t\u00e9 construits. C\u2019est ce contr\u00f4le du Rh\u00f4ne qui nous permet d\u00e9sormais de construire et de b\u00e9tonner sans nous soucier des inondations.<\/p>\n\n\n\n<p>Pourtant, il y a un revers \u00e0 la m\u00e9daille : avec l\u2019endiguement du fleuve, on a vu dispara\u00eetre beaucoup de zones humides et la biodiversit\u00e9 qui va avec. Sans prendre le chemin contraire de celui emprunt\u00e9 il y a de cela plus d\u2019un si\u00e8cle, on revient aujourd\u2019hui sur le tout b\u00e9ton, et l\u2019on sait qu\u2019il faut laisser davantage sa place \u00e0 l\u2019eau en ville.<\/p>\n\n\n\n<p>Dans le contexte du r\u00e9chauffement climatique, l\u2019eau est plus que jamais une ressource \u00e0 pr\u00e9server.<\/p>\n\n\n\n<p>Nous sommes d\u00e9j\u00e0 en \u00e9tat de s\u00e9cheresse et il fait d\u00e9j\u00e0 trop chaud par rapport aux moyennes de saison. En 2021, l\u2019ONU alertait, je cite : <em>\u00ab\u202fla s\u00e9cheresse est sur le point de devenir la prochaine pand\u00e9mie et il n\u2019existe aucun vaccin pour la gu\u00e9rir\u202f\u00bb<\/em>. Pour se donner une id\u00e9e de ce qui peut nous attendre, dans le pire sc\u00e9nario estim\u00e9 par le GIEC si nous n\u2019agissons pas, il y aura 33 jours de canicule \u00e0 Lyon en 2050, et 134 jours en 2100, c\u2019est-\u00e0-dire un climat \u00e9quivalent \u00e0 celui d\u2019Alger.<\/p>\n\n\n\n<p>L&#8217;eau est un bien commun essentiel \u00e0 toute vie sur Terre. Si les nappes phr\u00e9atiques se remplissent, ce sont nos fonctions vitales premi\u00e8res que nous assurons, mais aussi celles des autres esp\u00e8ces. Il faut donc enlever le b\u00e9ton, cr\u00e9er une &#8220;ville \u00e9ponge&#8221; pour laisser l\u2019eau s\u2019infiltrer dans les sols et planter d\u00e8s maintenant pour augmenter l&#8217;ombre et rafra\u00eechir les villes.<\/p>\n\n\n\n<p>Comme l&#8217;explicite la convention, g\u00e9rer les eaux pluviales \u00e0 la source, au plus pr\u00e8s de l\u2019endroit o\u00f9 elle tombe, offre de nombreux avantages parmi lesquels :<\/p>\n\n\n\n<p>&#8211; un cycle de l\u2019eau plus naturel et un meilleur rechargement des nappes ;<\/p>\n\n\n\n<p>&#8211; une r\u00e9duction du risque inondation ;<\/p>\n\n\n\n<p>&#8211; une r\u00e9duction des pollutions des milieux en am\u00e9liorant les performances des stations de traitement ;<\/p>\n\n\n\n<p>&#8211; une r\u00e9duction des \u00eelots de chaleur urbains.<\/p>\n\n\n\n<p>C\u2019est aussi \u00e0 la quantit\u00e9 et \u00e0 la qualit\u00e9 de l\u2019eau que nous devons faire attention. La qualit\u00e9, en r\u00e9duisant nos pollutions pour qu\u2019elles ne se retrouvent pas dans ces nappes souterraines. Je pense par exemple aux pesticides et autres intrants agricoles chimiques, comme le glyphosate, que monsieur Macron a d\u2019ailleurs renonc\u00e9 \u00e0 interdire. G\u00e9n\u00e9raliser l&#8217;agro\u00e9cologie et l&#8217;agriculture biologique nous permettrait de disposer d&#8217;une eau plus pure, notamment dans les zones de captage d&#8217;eau potable. La quantit\u00e9, en pr\u00e9servant les stocks naturels qui viendront \u00e0 nous manquer. Ici, je pense aux r\u00e9serves glaci\u00e8res, aux nappes souterraines, dont certaines sont dramatiquement menac\u00e9es \u00e0 tr\u00e8s court terme par des projets inutiles et impos\u00e9s comme le Lyon-Turin par exemple ou par l&#8217;irrigation de l&#8217;agriculture intensive.<\/p>\n\n\n\n<p>Nous avons commenc\u00e9 \u00e0 rendre la pluie \u00e0 nos sols dans les cours d\u2019\u00e9cole villeurbannaises et c&#8217;est l&#8217;objet de la d\u00e9lib\u00e9ration nous demandant d&#8217;approuver le contrat avec l&#8217;Agence de l&#8217;Eau Rh\u00f4ne M\u00e9diterann\u00e9e Corse. C\u2019est un bon commencement, il faut le poursuivre, et surtout l\u2019intensifier partout, et le travail avec les bailleurs et les copropri\u00e9t\u00e9s priv\u00e9es est aussi essentiel que les actions men\u00e9es sur les espaces publics.<\/p>\n\n\n\n<p>La place des collectivit\u00e9s, et plus largement du secteur public, dans les changements \u00e9cologiques est primordiale. Sans nous, ce sera <em>business as usual<\/em>, et on sait que syst\u00e8me capitaliste et \u00e9cologie ne font pas bon m\u00e9nage. Nous attendons donc avec impatience la subvention de l\u2019Agence de l\u2019Eau pour pouvoir agir encore plus largement \u00e0 Villeurbanne.<\/p>\n\n\n\n<p>Nous voterons pour cette d\u00e9lib\u00e9ration.<\/p>\n","protected":false},"excerpt":{"rendered":"<p>Par Julien RAVELLO En 1856, les Charpennes de Villeurbanne ont \u00e9t\u00e9 ray\u00e9es de la carte par la crue du Rh\u00f4ne et les destructions occasionn\u00e9es par l\u2019inondation. C\u2019est au cours des d\u00e9cennies suivantes que le fleuve a \u00e9t\u00e9 endigu\u00e9 et que les quais ont \u00e9t\u00e9 construits. C\u2019est ce contr\u00f4le du Rh\u00f4ne qui nous permet d\u00e9sormais de&#8230;<\/p>\n","protected":false},"author":1,"featured_media":0,"comment_status":"open","ping_status":"open","sticky":false,"template":"","format":"standard","meta":[],"categories":[161,7],"tags":[181],"_links":{"self":[{"href":"https:\/\/villeurbanne-insoumise-ensemble.fr\/index.php?rest_route=\/wp\/v2\/posts\/1090"}],"collection":[{"href":"https:\/\/villeurbanne-insoumise-ensemble.fr\/index.php?rest_route=\/wp\/v2\/posts"}],"about":[{"href":"https:\/\/villeurbanne-insoumise-ensemble.fr\/index.php?rest_route=\/wp\/v2\/types\/post"}],"author":[{"embeddable":true,"href":"https:\/\/villeurbanne-insoumise-ensemble.fr\/index.php?rest_route=\/wp\/v2\/users\/1"}],"replies":[{"embeddable":true,"href":"https:\/\/villeurbanne-insoumise-ensemble.fr\/index.php?rest_route=%2Fwp%2Fv2%2Fcomments&post=1090"}],"version-history":[{"count":1,"href":"https:\/\/villeurbanne-insoumise-ensemble.fr\/index.php?rest_route=\/wp\/v2\/posts\/1090\/revisions"}],"predecessor-version":[{"id":1091,"href":"https:\/\/villeurbanne-insoumise-ensemble.fr\/index.php?rest_route=\/wp\/v2\/posts\/1090\/revisions\/1091"}],"wp:attachment":[{"href":"https:\/\/villeurbanne-insoumise-ensemble.fr\/index.php?rest_route=%2Fwp%2Fv2%2Fmedia&parent=1090"}],"wp:term":[{"taxonomy":"category","embeddable":true,"href":"https:\/\/villeurbanne-insoumise-ensemble.fr\/index.php?rest_route=%2Fwp%2Fv2%2Fcategories&post=1090"},{"taxonomy":"post_tag","embeddable":true,"href":"https:\/\/villeurbanne-insoumise-ensemble.fr\/index.php?rest_route=%2Fwp%2Fv2%2Ftags&post=1090"}],"curies":[{"name":"wp","href":"https:\/\/api.w.org\/{rel}","templated":true}]}}