{"id":1088,"date":"2022-05-31T16:55:22","date_gmt":"2022-05-31T14:55:22","guid":{"rendered":"https:\/\/villeurbanne-insoumise-ensemble.fr\/?p=1088"},"modified":"2023-11-22T16:35:08","modified_gmt":"2023-11-22T15:35:08","slug":"changeons-notre-facon-de-consommer","status":"publish","type":"post","link":"https:\/\/villeurbanne-insoumise-ensemble.fr\/?p=1088","title":{"rendered":"Changeons notre fa\u00e7on de consommer !"},"content":{"rendered":"\n<p><em>Par Ga\u00ebtan CONSTANT<\/em><\/p>\n\n\n\n<figure class=\"wp-block-embed is-type-video is-provider-youtube wp-block-embed-youtube wp-embed-aspect-16-9 wp-has-aspect-ratio\"><div class=\"wp-block-embed__wrapper\">\n<iframe loading=\"lazy\" title=\"Ga\u00ebtan CONSTANT - Changeons notre fa\u00e7on de consommer !\" width=\"640\" height=\"360\" src=\"https:\/\/www.youtube.com\/embed\/qVb9UjMwivA?feature=oembed\" frameborder=\"0\" allow=\"accelerometer; autoplay; clipboard-write; encrypted-media; gyroscope; picture-in-picture\" allowfullscreen><\/iframe>\n<\/div><\/figure>\n\n\n\n<p>Je me permets de pr\u00e9ciser que je fais une intervention sur l\u2019adh\u00e9sion de la ville \u00e0 la centrale d\u2019achat territoriale et pas sur le pacte de coh\u00e9rence m\u00e9tropolitain.<\/p>\n\n\n\n<p>Alors pr\u00e9c\u00e9demment,&nbsp; le progr\u00e8s c\u2019\u00e9tait acheter neuf, pour l\u2019\u00e9lectrom\u00e9nager, pour le nombre de voitures, pour les v\u00eatements. Et aujourd\u2019hui, on peut se permettre de dire qu\u2019il y a une phase de transition et une conscience qu\u2019il faut changer notre consommation, qui traverse la soci\u00e9t\u00e9, que ce soit sur la lutte contre le consum\u00e9risme, sur l\u2019\u00e9cologie, ou m\u00eame sur le co\u00fbt des diff\u00e9rents mat\u00e9riels.<\/p>\n\n\n\n<p>Les achats mutualis\u00e9s, c\u2019est des \u00e9conomies \u00e0 la fois pour les collectivit\u00e9s, donc pour la maire&nbsp;; c\u2019est du temps de gagn\u00e9 pour les agentes et agents, et c\u2019est des objectifs environnementaux et sociaux communs, et c\u2019est pourquoi nous voterons la d\u00e9lib\u00e9ration qui va selon nous dans le bon sens.<\/p>\n\n\n\n<p>Pourquoi favoriser le reconditionn\u00e9&nbsp;? Ce n\u2019est pas \u00e9crit sp\u00e9cifiquement dans la convention, mais \u00e7a fait partie des diff\u00e9rents \u00e9l\u00e9ments de cette convention avec le reconditionnement qui sera pr\u00e9vu. C\u2019est un sujet qui nous tient \u00e0 c\u0153ur parce qu\u2019il red\u00e9finit le mode de pens\u00e9e. Le reconditionnement et le mat\u00e9riel reconditionn\u00e9, c\u2019est un objet principalement num\u00e9rique, d\u2019occasion, qu\u2019on va remettre en bon \u00e9tat de marche. C\u2019est int\u00e9ressant \u00e9conomiquement, c\u2019est souvent moins cher \u00e0 l\u2019achat, mais aussi \u00e9cologiquement, parce que on va pouvoir donner plusieurs vies \u00e0 notre mat\u00e9riel, et donc on va pouvoir \u00e9conomiser \u00e0 la fois, tout simplement, des kilogrammes de CO<sub>2<\/sub>, et de mat\u00e9riaux pour le construire. Par exemple, pour le num\u00e9rique (et principalement les ordinateurs&nbsp; et les smartphones), ce qui a le plus d\u2019impact c\u2019est la fabrication. Trois-quarts des impacts environnementaux d\u2019un smartphone proviennent par exemple de sa fabrication. On a donc des kilogrammes de CO<sub>2<\/sub> qui sont \u00e9conomis\u00e9s.<\/p>\n\n\n\n<p>Alors, attention aux effets pervers&nbsp;: acheter en reconditionn\u00e9, c\u2019est pas une excuse pour consommer toujours plus, et c\u2019est pas l\u2019objet de la d\u00e9lib\u00e9ration et de ce qu\u2019on a envie de promouvoir.<\/p>\n\n\n\n<p>A notre \u00e9chelle et au niveau local, ce qu\u2019il faut favoriser, c\u2019est une \u00e9conomie circulaire, parce qu\u2019avec les services et notamment au niveau de la direction des syst\u00e8mes d\u2019information, on a d\u00e9j\u00e0 pu constater qu\u2019on avait du mal \u00e0 retrouver et \u00e0 trouver des revendeurs qui faisaient appel justement \u00e0 du mat\u00e9riel reconditionn\u00e9. Et c\u2019\u00e9tait une chose qui selon nous, avec la centrale d\u2019achat, allait dans le bon sens. On a aussi, de la part des citoyennes et des citoyens, une demande et une existence d\u2019associations d\u2019auto-r\u00e9paration, de <em>repair<\/em> caf\u00e9s, qui existent et qu\u2019on a envie de favoriser.<\/p>\n\n\n\n<p>Alors comment structurer \u00e0 notre \u00e9chelle la fili\u00e8re du reconditionn\u00e9&nbsp;? Tout d\u2019abord, en massifiant la collecte aupr\u00e8s des particuliers et des professionnels de ce mat\u00e9riel, c\u2019est-\u00e0-dire d\u2019agir en amont sur la r\u00e9colte de ce mat\u00e9riel, en d\u00e9finissant des crit\u00e8res de remise en \u00e9tat de ces mat\u00e9riels et en mettant \u00e9galement des crit\u00e8res de transparence aupr\u00e8s des consommateurs, afin que&nbsp; le consommateur puisse savoir ce qu\u2019il va acheter quand il ach\u00e8te le mat\u00e9riel. Tout \u00e7a, \u00e7a nous am\u00e8ne \u00e0 une possibilit\u00e9 de cr\u00e9er des emplois locaux, et notamment dans l\u2019\u00e9conomie sociale et solidaire.<\/p>\n\n\n\n<p>Et enfin, tout simplement, de mettre en place tout un tas de bonne pratiques, je m\u2019efforcerai d\u2019appuyer l\u00e0-dessus, mais pour lutter contre l\u2019obsolescence programm\u00e9e de nos logiciels, de nos mat\u00e9riels, mettre en place tout un syst\u00e8me qui va favoriser le logiciel libre, qui va favoriser le logiciel gratuit, qui va permettre d\u2019utiliser des ordinateurs et des mat\u00e9riaux qui sont plus simples et plus faciles \u00e0 utiliser pour les utilisateurs.<\/p>\n\n\n\n<p>En conclusion, il est imp\u00e9ratif selon nous de changer notre logiciel de pens\u00e9e et de consommer. Il est important de diminuer la quantit\u00e9 d\u2019objets que l\u2019on ach\u00e8te, d\u2019am\u00e9liorer leur qualit\u00e9, et d\u2019adapter tout simplement la puissance du mat\u00e9riel aux diff\u00e9rents usages. Arr\u00eatons la course technique non-pertinente qui, pour la plupart des gens, n\u2019ont pas besoin de cette performance.<\/p>\n\n\n\n<p>C\u2019est pourquoi nous voterons, comme j\u2019ai pu le dire,&nbsp;cette d\u00e9lib\u00e9ration qui va dans le bon sens. Je vous remercie.<\/p>\n","protected":false},"excerpt":{"rendered":"<p>Par Ga\u00ebtan CONSTANT Je me permets de pr\u00e9ciser que je fais une intervention sur l\u2019adh\u00e9sion de la ville \u00e0 la centrale d\u2019achat territoriale et pas sur le pacte de coh\u00e9rence m\u00e9tropolitain. Alors pr\u00e9c\u00e9demment,&nbsp; le progr\u00e8s c\u2019\u00e9tait acheter neuf, pour l\u2019\u00e9lectrom\u00e9nager, pour le nombre de voitures, pour les v\u00eatements. Et aujourd\u2019hui, on peut se permettre de&#8230;<\/p>\n","protected":false},"author":1,"featured_media":0,"comment_status":"open","ping_status":"open","sticky":false,"template":"","format":"standard","meta":[],"categories":[161,7],"tags":[181,86],"_links":{"self":[{"href":"https:\/\/villeurbanne-insoumise-ensemble.fr\/index.php?rest_route=\/wp\/v2\/posts\/1088"}],"collection":[{"href":"https:\/\/villeurbanne-insoumise-ensemble.fr\/index.php?rest_route=\/wp\/v2\/posts"}],"about":[{"href":"https:\/\/villeurbanne-insoumise-ensemble.fr\/index.php?rest_route=\/wp\/v2\/types\/post"}],"author":[{"embeddable":true,"href":"https:\/\/villeurbanne-insoumise-ensemble.fr\/index.php?rest_route=\/wp\/v2\/users\/1"}],"replies":[{"embeddable":true,"href":"https:\/\/villeurbanne-insoumise-ensemble.fr\/index.php?rest_route=%2Fwp%2Fv2%2Fcomments&post=1088"}],"version-history":[{"count":1,"href":"https:\/\/villeurbanne-insoumise-ensemble.fr\/index.php?rest_route=\/wp\/v2\/posts\/1088\/revisions"}],"predecessor-version":[{"id":1089,"href":"https:\/\/villeurbanne-insoumise-ensemble.fr\/index.php?rest_route=\/wp\/v2\/posts\/1088\/revisions\/1089"}],"wp:attachment":[{"href":"https:\/\/villeurbanne-insoumise-ensemble.fr\/index.php?rest_route=%2Fwp%2Fv2%2Fmedia&parent=1088"}],"wp:term":[{"taxonomy":"category","embeddable":true,"href":"https:\/\/villeurbanne-insoumise-ensemble.fr\/index.php?rest_route=%2Fwp%2Fv2%2Fcategories&post=1088"},{"taxonomy":"post_tag","embeddable":true,"href":"https:\/\/villeurbanne-insoumise-ensemble.fr\/index.php?rest_route=%2Fwp%2Fv2%2Ftags&post=1088"}],"curies":[{"name":"wp","href":"https:\/\/api.w.org\/{rel}","templated":true}]}}