{"id":1084,"date":"2022-04-01T14:55:00","date_gmt":"2022-04-01T12:55:00","guid":{"rendered":"https:\/\/villeurbanne-insoumise-ensemble.fr\/?p=1084"},"modified":"2023-11-22T16:34:16","modified_gmt":"2023-11-22T15:34:16","slug":"ukraine-oui-a-la-diplomatie-et-a-laccueil","status":"publish","type":"post","link":"https:\/\/villeurbanne-insoumise-ensemble.fr\/?p=1084","title":{"rendered":"Ukraine : oui \u00e0 la diplomatie et \u00e0 l&#8217;accueil"},"content":{"rendered":"\n<p>En pr\u00e9ambule, nous voulons souligner que la politique internationale est un sujet complexe, et que c\u2019est sous ce prisme que la guerre qui se d\u00e9roule actuellement en Ukraine doit \u00eatre appr\u00e9hend\u00e9e. Les r\u00e9ponses simples ou binaires n\u2019existent pas ; seule la nuance nous permettra, certainement dans quelques ann\u00e9es, d\u2019appr\u00e9hender toutes les facettes de l\u2019envahissement de l\u2019Ukraine par la Russie. Nous ne pouvons qu\u2019inviter nos lecteurs et lectrices \u00e0 se renseigner aupr\u00e8s de chercheurs ou d\u2019acteurs de la politique internationale !<\/p>\n\n\n\n<p>Ceci \u00e9tant dit, la guerre d\u00e9clench\u00e9e envers l\u2019Ukraine est intol\u00e9rable, comme toutes les autres guerres. Nous consid\u00e9rons que toutes les guerres sont le sympt\u00f4me de l\u2019\u00e9chec de la discussion, de la diplomatie. Seule la diplomatie peut offrir des solutions pacifiques aux probl\u00e8mes rencontr\u00e9s par les pays ; c\u2019est cette option que nous pr\u00e9f\u00e9rons toujours aux r\u00e9ponses arm\u00e9es.&nbsp;<\/p>\n\n\n\n<p>On le voit dans la situation actuelle : il y a une r\u00e9sistance des peuples russe et ukrainiens contre la guerre d\u00e9clench\u00e9e par Vladimir Poutine et son gouvernement ; car, \u00e0 la fin, ce sont toujours les peuples des diff\u00e9rents pays bellig\u00e9rants qui payent les pots cass\u00e9s de la guerre. Civils gravement bless\u00e9s, femmes viol\u00e9es, difficult\u00e9s pour acc\u00e9der aux soins, meurtres\u2026 Ces exactions sont nombreuses et insupportables, et ce ne sont d\u2019ordinaire pas les dirigeants qui les subissent.&nbsp;<\/p>\n\n\n\n<p>Pour toutes des raisons, nous nous devons d&#8217;accueillir dignement tous et toutes les r\u00e9fugi\u00e9.e.s de guerre, peu importe d&#8217;o\u00f9 ils ou elles viennent. Plusieurs prises de parole fran\u00e7aises publiques, maintenant bien connues, ont distingu\u00e9 les migrants en fonction de leur &#8220;culture&#8221; ; et des t\u00e9moignages de personnes bloqu\u00e9es \u00e0 la fronti\u00e8re de l&#8217;Ukraine en fonction de leur pays d&#8217;origine et de la couleur de leur peau s&#8217;accumulent. Ces r\u00e9flexes racistes et discriminatoires sont inhumains. A l&#8217;oppos\u00e9 de ces comportements, nous continuerons d&#8217;accueillir les r\u00e9fugi\u00e9s sans distinctions.<\/p>\n","protected":false},"excerpt":{"rendered":"<p>En pr\u00e9ambule, nous voulons souligner que la politique internationale est un sujet complexe, et que c\u2019est sous ce prisme que la guerre qui se d\u00e9roule actuellement en Ukraine doit \u00eatre appr\u00e9hend\u00e9e. Les r\u00e9ponses simples ou binaires n\u2019existent pas ; seule la nuance nous permettra, certainement dans quelques ann\u00e9es, d\u2019appr\u00e9hender toutes les facettes de l\u2019envahissement de&#8230;<\/p>\n","protected":false},"author":1,"featured_media":0,"comment_status":"open","ping_status":"open","sticky":false,"template":"","format":"standard","meta":[],"categories":[89,17],"tags":[76,188,180],"_links":{"self":[{"href":"https:\/\/villeurbanne-insoumise-ensemble.fr\/index.php?rest_route=\/wp\/v2\/posts\/1084"}],"collection":[{"href":"https:\/\/villeurbanne-insoumise-ensemble.fr\/index.php?rest_route=\/wp\/v2\/posts"}],"about":[{"href":"https:\/\/villeurbanne-insoumise-ensemble.fr\/index.php?rest_route=\/wp\/v2\/types\/post"}],"author":[{"embeddable":true,"href":"https:\/\/villeurbanne-insoumise-ensemble.fr\/index.php?rest_route=\/wp\/v2\/users\/1"}],"replies":[{"embeddable":true,"href":"https:\/\/villeurbanne-insoumise-ensemble.fr\/index.php?rest_route=%2Fwp%2Fv2%2Fcomments&post=1084"}],"version-history":[{"count":2,"href":"https:\/\/villeurbanne-insoumise-ensemble.fr\/index.php?rest_route=\/wp\/v2\/posts\/1084\/revisions"}],"predecessor-version":[{"id":1086,"href":"https:\/\/villeurbanne-insoumise-ensemble.fr\/index.php?rest_route=\/wp\/v2\/posts\/1084\/revisions\/1086"}],"wp:attachment":[{"href":"https:\/\/villeurbanne-insoumise-ensemble.fr\/index.php?rest_route=%2Fwp%2Fv2%2Fmedia&parent=1084"}],"wp:term":[{"taxonomy":"category","embeddable":true,"href":"https:\/\/villeurbanne-insoumise-ensemble.fr\/index.php?rest_route=%2Fwp%2Fv2%2Fcategories&post=1084"},{"taxonomy":"post_tag","embeddable":true,"href":"https:\/\/villeurbanne-insoumise-ensemble.fr\/index.php?rest_route=%2Fwp%2Fv2%2Ftags&post=1084"}],"curies":[{"name":"wp","href":"https:\/\/api.w.org\/{rel}","templated":true}]}}