{"id":1076,"date":"2022-04-08T11:14:00","date_gmt":"2022-04-08T09:14:00","guid":{"rendered":"https:\/\/villeurbanne-insoumise-ensemble.fr\/?p=1076"},"modified":"2023-11-22T16:34:25","modified_gmt":"2023-11-22T15:34:25","slug":"la-pauze-interview-de-gaetan-constant","status":"publish","type":"post","link":"https:\/\/villeurbanne-insoumise-ensemble.fr\/?p=1076","title":{"rendered":"La Pauze &#8211; Interview de Ga\u00ebtan Constant"},"content":{"rendered":"\n<p>Pour ce mois d&#8217;avril, <a href=\"https:\/\/villeurbanne-insoumise-ensemble.fr\/?page_id=567\" target=\"_blank\" rel=\"noreferrer noopener\">Ga\u00ebtan <\/a>s&#8217;est livr\u00e9 \u00e0 l&#8217;exercice de l&#8217;interview avec les \u00e9quipes du VIVA !<\/p>\n\n\n\n<p>&#8220;<em>Ga\u00ebtan Constant, adjoint au maire de Villeurbanne en charge du num\u00e9rique et de la qualit\u00e9 de service public a r\u00e9pondu \u00e0 nos questions \u00e0 propos des lives sur <\/em>Twitch <em>que diffusent la ville. Il a \u00e9voqu\u00e9 les principes d\u2019accessibilit\u00e9 de la vie publique et de proximit\u00e9 qu\u2019il porte avec ce projet<\/em>.&#8221;<\/p>\n\n\n\n<div class=\"wp-block-image\"><figure class=\"aligncenter size-large is-resized\"><img loading=\"lazy\" src=\"https:\/\/villeurbanne-insoumise-ensemble.fr\/wp-content\/uploads\/2022\/04\/18-Gaetan-Constant-4.jpg\" alt=\"\" class=\"wp-image-1077\" width=\"418\" height=\"282\" srcset=\"https:\/\/villeurbanne-insoumise-ensemble.fr\/wp-content\/uploads\/2022\/04\/18-Gaetan-Constant-4.jpg 750w, https:\/\/villeurbanne-insoumise-ensemble.fr\/wp-content\/uploads\/2022\/04\/18-Gaetan-Constant-4-300x202.jpg 300w\" sizes=\"(max-width: 418px) 100vw, 418px\" \/><\/figure><\/div>\n\n\n\n<p>Pour retrouver l&#8217;article complet, <a href=\"https:\/\/viva.villeurbanne.fr\/jeunes\/2022\/interview-de-gaetan-constant\" target=\"_blank\" rel=\"noreferrer noopener\">cliquez ici<\/a> !<\/p>\n","protected":false},"excerpt":{"rendered":"<p>Pour ce mois d&#8217;avril, Ga\u00ebtan s&#8217;est livr\u00e9 \u00e0 l&#8217;exercice de l&#8217;interview avec les \u00e9quipes du VIVA ! &#8220;Ga\u00ebtan Constant, adjoint au maire de Villeurbanne en charge du num\u00e9rique et de la qualit\u00e9 de service public a r\u00e9pondu \u00e0 nos questions \u00e0 propos des lives sur Twitch que diffusent la ville. Il a \u00e9voqu\u00e9 les principes&#8230;<\/p>\n","protected":false},"author":1,"featured_media":0,"comment_status":"open","ping_status":"open","sticky":false,"template":"","format":"standard","meta":[],"categories":[5],"tags":[86],"_links":{"self":[{"href":"https:\/\/villeurbanne-insoumise-ensemble.fr\/index.php?rest_route=\/wp\/v2\/posts\/1076"}],"collection":[{"href":"https:\/\/villeurbanne-insoumise-ensemble.fr\/index.php?rest_route=\/wp\/v2\/posts"}],"about":[{"href":"https:\/\/villeurbanne-insoumise-ensemble.fr\/index.php?rest_route=\/wp\/v2\/types\/post"}],"author":[{"embeddable":true,"href":"https:\/\/villeurbanne-insoumise-ensemble.fr\/index.php?rest_route=\/wp\/v2\/users\/1"}],"replies":[{"embeddable":true,"href":"https:\/\/villeurbanne-insoumise-ensemble.fr\/index.php?rest_route=%2Fwp%2Fv2%2Fcomments&post=1076"}],"version-history":[{"count":3,"href":"https:\/\/villeurbanne-insoumise-ensemble.fr\/index.php?rest_route=\/wp\/v2\/posts\/1076\/revisions"}],"predecessor-version":[{"id":1083,"href":"https:\/\/villeurbanne-insoumise-ensemble.fr\/index.php?rest_route=\/wp\/v2\/posts\/1076\/revisions\/1083"}],"wp:attachment":[{"href":"https:\/\/villeurbanne-insoumise-ensemble.fr\/index.php?rest_route=%2Fwp%2Fv2%2Fmedia&parent=1076"}],"wp:term":[{"taxonomy":"category","embeddable":true,"href":"https:\/\/villeurbanne-insoumise-ensemble.fr\/index.php?rest_route=%2Fwp%2Fv2%2Fcategories&post=1076"},{"taxonomy":"post_tag","embeddable":true,"href":"https:\/\/villeurbanne-insoumise-ensemble.fr\/index.php?rest_route=%2Fwp%2Fv2%2Ftags&post=1076"}],"curies":[{"name":"wp","href":"https:\/\/api.w.org\/{rel}","templated":true}]}}