{"id":107,"date":"2021-02-01T15:03:00","date_gmt":"2021-02-01T14:03:00","guid":{"rendered":"http:\/\/villeurbanne-insoumise-ensemble.fr\/?p=107"},"modified":"2023-11-22T15:37:04","modified_gmt":"2023-11-22T14:37:04","slug":"2021-construisons","status":"publish","type":"post","link":"https:\/\/villeurbanne-insoumise-ensemble.fr\/?p=107","title":{"rendered":"2021, construisons"},"content":{"rendered":"\n<p><em>F\u00e9vrier 2021.<\/em><\/p>\n\n\n\n<p>Notre groupe souhaite une excellente ann\u00e9e aux Villeurbannais\u00b7es ! Ce d\u00e9but 2021 est l&#8217;occasion de faire un bilan d&#8217;une ann\u00e9e dense et rude, et d&#8217;envisager les perspectives \u00e0 venir.<\/p>\n\n\n\n<p>Commen\u00e7ons par la r\u00e9forme des retraites visant \u00e0 d\u00e9truire le syst\u00e8me de r\u00e9partition au profit de celui, individualiste, de retraite \u00e0 points. Elle a rencontr\u00e9 la plus forte mobilisation depuis 2010 avec plus d&#8217;1,5 million de manifestant\u00b7es et la plus longue gr\u00e8ve jamais r\u00e9alis\u00e9e par la SNCF. Pass\u00e9e en premi\u00e8re lecture \u00e0 renfort d&#8217;article 49.3, elle a \u00e9t\u00e9 enterr\u00e9e par l&#8217;irruption de la Covid-19.<\/p>\n\n\n\n<p>L&#8217;impr\u00e9paration, les politiques d&#8217;aust\u00e9rit\u00e9, les mensonges du gouvernement ont aggrav\u00e9 cette crise. Les mesures prises pour y faire face ont r\u00e9duit comme jamais les libert\u00e9s publiques et les droits individuels attaqu\u00e9s par un pouvoir radicalis\u00e9. La d\u00e9rive autoritaire s&#8217;acc\u00e9l\u00e8re avec les menaces sur la libert\u00e9 universitaire, le fichage des opinions, les entraves \u00e0 la libert\u00e9 de la presse ou la r\u00e9pression brutale de toute forme d&#8217;opposition.<\/p>\n\n\n\n<p>Par le meurtre de George Floyd ou le passage \u00e0 tabac de Michel Zecler, chacun\u00b7e sait d\u00e9sormais que les violences polici\u00e8res existent. Les in\u00e9galit\u00e9s demeurent et doivent \u00eatre combattues dans toutes les politiques de justice \u00e9conomique et sociale.<\/p>\n\n\n\n<p>Pour finir, 2020 est l&#8217;ann\u00e9e la plus chaude jamais enregistr\u00e9e. La moyenne de 14\u00b0C en France est pourtant sans commune mesure avec les incendies d&#8217;Australie qui ont tu\u00e9 des milliards d&#8217;animaux.<\/p>\n\n\n\n<p>De quoi 2021 sera-t-elle faite ? R\u00e9pondre est ardu quand la crise sanitaire n&#8217;est pas termin\u00e9e et que les crises sociales et \u00e9conomiques ne font que commencer. Dans les mois \u00e0 venir, la lutte continuera contre la loi s\u00e9curit\u00e9 globale. Des perspectives positives contre le virus se profilent avec des vaccins existants, en cours d&#8217;\u00e9laboration, et un m\u00e9dicament en test \u00e0 Lille. Enfin, l&#8217;amorce de nos projets municipaux, comme l&#8217;assembl\u00e9e citoyenne ou la cantine scolaire pour tous et toutes, donnent un horizon positif pour notre commune.<\/p>\n\n\n\n<p><em>Les \u00e9lu\u00b7es du groupe Villeurbanne Insoumise Ensemble!<\/em><\/p>\n","protected":false},"excerpt":{"rendered":"<p>F\u00e9vrier 2021. Notre groupe souhaite une excellente ann\u00e9e aux Villeurbannais\u00b7es ! Ce d\u00e9but 2021 est l&#8217;occasion de faire un bilan d&#8217;une ann\u00e9e dense et rude, et d&#8217;envisager les perspectives \u00e0 venir. Commen\u00e7ons par la r\u00e9forme des retraites visant \u00e0 d\u00e9truire le syst\u00e8me de r\u00e9partition au profit de celui, individualiste, de retraite \u00e0 points. Elle a&#8230;<\/p>\n","protected":false},"author":1,"featured_media":0,"comment_status":"open","ping_status":"open","sticky":false,"template":"","format":"standard","meta":[],"categories":[19,17],"tags":[43],"_links":{"self":[{"href":"https:\/\/villeurbanne-insoumise-ensemble.fr\/index.php?rest_route=\/wp\/v2\/posts\/107"}],"collection":[{"href":"https:\/\/villeurbanne-insoumise-ensemble.fr\/index.php?rest_route=\/wp\/v2\/posts"}],"about":[{"href":"https:\/\/villeurbanne-insoumise-ensemble.fr\/index.php?rest_route=\/wp\/v2\/types\/post"}],"author":[{"embeddable":true,"href":"https:\/\/villeurbanne-insoumise-ensemble.fr\/index.php?rest_route=\/wp\/v2\/users\/1"}],"replies":[{"embeddable":true,"href":"https:\/\/villeurbanne-insoumise-ensemble.fr\/index.php?rest_route=%2Fwp%2Fv2%2Fcomments&post=107"}],"version-history":[{"count":2,"href":"https:\/\/villeurbanne-insoumise-ensemble.fr\/index.php?rest_route=\/wp\/v2\/posts\/107\/revisions"}],"predecessor-version":[{"id":112,"href":"https:\/\/villeurbanne-insoumise-ensemble.fr\/index.php?rest_route=\/wp\/v2\/posts\/107\/revisions\/112"}],"wp:attachment":[{"href":"https:\/\/villeurbanne-insoumise-ensemble.fr\/index.php?rest_route=%2Fwp%2Fv2%2Fmedia&parent=107"}],"wp:term":[{"taxonomy":"category","embeddable":true,"href":"https:\/\/villeurbanne-insoumise-ensemble.fr\/index.php?rest_route=%2Fwp%2Fv2%2Fcategories&post=107"},{"taxonomy":"post_tag","embeddable":true,"href":"https:\/\/villeurbanne-insoumise-ensemble.fr\/index.php?rest_route=%2Fwp%2Fv2%2Ftags&post=107"}],"curies":[{"name":"wp","href":"https:\/\/api.w.org\/{rel}","templated":true}]}}