{"id":1057,"date":"2022-03-28T22:01:00","date_gmt":"2022-03-28T20:01:00","guid":{"rendered":"https:\/\/villeurbanne-insoumise-ensemble.fr\/?p=1057"},"modified":"2023-11-21T11:16:22","modified_gmt":"2023-11-21T10:16:22","slug":"redefinissons-ce-quon-veut-pour-la-politique-de-la-ville","status":"publish","type":"post","link":"https:\/\/villeurbanne-insoumise-ensemble.fr\/?p=1057","title":{"rendered":"Red\u00e9finissons ce qu&#8217;on veut pour la politique de la ville"},"content":{"rendered":"\n<p><em>Par Mathieu GARABEDIAN<\/em><\/p>\n\n\n\n<figure class=\"wp-block-embed is-type-video is-provider-youtube wp-block-embed-youtube wp-embed-aspect-16-9 wp-has-aspect-ratio\"><div class=\"wp-block-embed__wrapper\">\n<iframe loading=\"lazy\" title=\"Mathieu GARABEDIAN - Red\u00e9finissons ce qu&#039;on veut pour la politique de la ville\" width=\"640\" height=\"360\" src=\"https:\/\/www.youtube.com\/embed\/_iPilKOzdrU?feature=oembed\" frameborder=\"0\" allow=\"accelerometer; autoplay; clipboard-write; encrypted-media; gyroscope; picture-in-picture\" allowfullscreen><\/iframe>\n<\/div><\/figure>\n\n\n\n<p>Juste quelques mots. Parce que, par rapport au rapport qu\u2019on vient de voter et qu\u2019il y a un peu plus loin dans le conseil, on a trois rapports, finalement, qui concernent la politique de la ville et notre soutien aux associations et acteurs de proximit\u00e9 pour le d\u00e9veloppement sociale et urbain. Et un rapport, celui-l\u00e0 m\u00eame, qui concerne le financement de l\u2019\u00e9quipe projet de la ville.<\/p>\n\n\n\n<p>Donc, pour dire que 2022 c\u2019est une ann\u00e9e un peu particuli\u00e8re parce qu\u2019on se rapproche de la fin du contrat de ville qui a commenc\u00e9 en 2015, et qui est finalement report\u00e9 jusqu\u2019en 2023 au vu de l\u2019\u00e9lection pr\u00e9sidentielle. Donc il y a un int\u00e9r\u00eat tout particulier \u00e0 se pencher sur cette politique, \u00e0 savoir ce qui va \u00eatre propos\u00e9 pour la suite, quelle politique pour nos quartiers populaires et nos quartiers \u00e0 vocation populaire, quelle mani\u00e8re d\u2019am\u00e9liorer le cadre de vie dans ces quartiers, de d\u00e9velopper les services publics, de faire en sorte que, finalement, le droit commun &nbsp;s\u2019applique dans tous les quartiers de Villeurbanne.<\/p>\n\n\n\n<p>Pour information, on a restructur\u00e9 un peu les \u00e9quipes de la ville en d\u00e9but d\u2019ann\u00e9e 2022 pour d\u00e9velopper une direction de l\u2019\u00e9galit\u00e9 sociale et territoriale et donc retravailler \u00e0 la fois les questions de lutte contre les in\u00e9galit\u00e9s, de lutte contre les discriminations en lien avec la mission transversale port\u00e9e par Agathe Fort. &nbsp;Et donc il y aura un int\u00e9r\u00eat \u00e0 red\u00e9finir tr\u00e8s rapidement ce qu\u2019on souhaite pour la politique de la ville pour sortir d\u2019une logique de g\u00e9ographie d\u00e9cid\u00e9e \u00e0 Bercy et retrouver une logique de politique gouvern\u00e9e par les besoins de ses habitants. C\u2019est ce que je souhaite pour la suite de notre mandat.<\/p>\n","protected":false},"excerpt":{"rendered":"<p>Par Mathieu GARABEDIAN Juste quelques mots. Parce que, par rapport au rapport qu\u2019on vient de voter et qu\u2019il y a un peu plus loin dans le conseil, on a trois rapports, finalement, qui concernent la politique de la ville et notre soutien aux associations et acteurs de proximit\u00e9 pour le d\u00e9veloppement sociale et urbain. Et&#8230;<\/p>\n","protected":false},"author":1,"featured_media":0,"comment_status":"open","ping_status":"open","sticky":false,"template":"","format":"standard","meta":[],"categories":[161,7],"tags":[108],"_links":{"self":[{"href":"https:\/\/villeurbanne-insoumise-ensemble.fr\/index.php?rest_route=\/wp\/v2\/posts\/1057"}],"collection":[{"href":"https:\/\/villeurbanne-insoumise-ensemble.fr\/index.php?rest_route=\/wp\/v2\/posts"}],"about":[{"href":"https:\/\/villeurbanne-insoumise-ensemble.fr\/index.php?rest_route=\/wp\/v2\/types\/post"}],"author":[{"embeddable":true,"href":"https:\/\/villeurbanne-insoumise-ensemble.fr\/index.php?rest_route=\/wp\/v2\/users\/1"}],"replies":[{"embeddable":true,"href":"https:\/\/villeurbanne-insoumise-ensemble.fr\/index.php?rest_route=%2Fwp%2Fv2%2Fcomments&post=1057"}],"version-history":[{"count":1,"href":"https:\/\/villeurbanne-insoumise-ensemble.fr\/index.php?rest_route=\/wp\/v2\/posts\/1057\/revisions"}],"predecessor-version":[{"id":1058,"href":"https:\/\/villeurbanne-insoumise-ensemble.fr\/index.php?rest_route=\/wp\/v2\/posts\/1057\/revisions\/1058"}],"wp:attachment":[{"href":"https:\/\/villeurbanne-insoumise-ensemble.fr\/index.php?rest_route=%2Fwp%2Fv2%2Fmedia&parent=1057"}],"wp:term":[{"taxonomy":"category","embeddable":true,"href":"https:\/\/villeurbanne-insoumise-ensemble.fr\/index.php?rest_route=%2Fwp%2Fv2%2Fcategories&post=1057"},{"taxonomy":"post_tag","embeddable":true,"href":"https:\/\/villeurbanne-insoumise-ensemble.fr\/index.php?rest_route=%2Fwp%2Fv2%2Ftags&post=1057"}],"curies":[{"name":"wp","href":"https:\/\/api.w.org\/{rel}","templated":true}]}}