{"id":1051,"date":"2022-03-28T21:27:00","date_gmt":"2022-03-28T19:27:00","guid":{"rendered":"https:\/\/villeurbanne-insoumise-ensemble.fr\/?p=1051"},"modified":"2023-11-22T16:32:36","modified_gmt":"2023-11-22T15:32:36","slug":"notre-role-nest-pas-de-financer-des-extras-aux-colleges-prives","status":"publish","type":"post","link":"https:\/\/villeurbanne-insoumise-ensemble.fr\/?p=1051","title":{"rendered":"Notre r\u00f4le n&#8217;est pas de financer des extras aux coll\u00e8ges priv\u00e9s"},"content":{"rendered":"\n<p><em>Par Ga\u00ebtan CONSTANT<\/em><\/p>\n\n\n\n<figure class=\"wp-block-embed is-type-video is-provider-youtube wp-block-embed-youtube wp-embed-aspect-16-9 wp-has-aspect-ratio\"><div class=\"wp-block-embed__wrapper\">\n<iframe loading=\"lazy\" title=\"Ga\u00ebtan CONSTANT - Notre r\u00f4le n&#039;est pas de financer des extras aux coll\u00e8ges priv\u00e9s\" width=\"640\" height=\"360\" src=\"https:\/\/www.youtube.com\/embed\/jz14a1Eanto?feature=oembed\" frameborder=\"0\" allow=\"accelerometer; autoplay; clipboard-write; encrypted-media; gyroscope; picture-in-picture\" allowfullscreen><\/iframe>\n<\/div><\/figure>\n\n\n\n<p>Merci. Je vais essayer de ne pas \u00eatre timide du coup.<\/p>\n\n\n\n<p>Monsieur le maire, chers coll\u00e8ges,<\/p>\n\n\n\n<p>Nous donnons d\u00e9j\u00e0 2,16 millions d\u2019euros en 2022 \u00e0 l\u2019enseignement priv\u00e9.&nbsp; Nous y sommes oblig\u00e9s par l\u2019\u00c9tat depuis la loi Debr\u00e9 de 1959 pour les \u00e9tablissements en contrat ; et depuis 2019, nous devons aussi financer les \u00e9coles maternelles priv\u00e9es. Comme nous, la m\u00e9tropole de Lyon et la r\u00e9gion Auvergne-Rh\u00f4ne-Alpes financent \u00e9galement les coll\u00e8ges et lyc\u00e9es priv\u00e9s.<\/p>\n\n\n\n<p>Le secteur public subventionne d\u00e9j\u00e0 \u00e9norm\u00e9ment ces \u00e9tablissements. Rappelons que leur fonctionnement en dehors de toute carte scolaire vide de son sens tous les efforts que l\u2019on peut faire pour cr\u00e9er de la mixit\u00e9 sociale. Rappelons aussi que les enseignants du priv\u00e9 sont pay\u00e9s par l\u2019\u00c9tat, et que les parents participent au financement de l\u2019\u00e9cole, jusqu\u2019\u00e0 122\u20ac par \u00e9l\u00e8ve pour le coll\u00e8ge de l\u2019Immacul\u00e9e conception dont il est question dans cette d\u00e9lib\u00e9ration.<\/p>\n\n\n\n<p>Rappelons enfin les difficult\u00e9s des coll\u00e8ges et autres \u00e9tablissements publics \u00e0 mener des projets p\u00e9dagogiques qui leur co\u00fbtent cher.&nbsp;<\/p>\n\n\n\n<p>Notre r\u00f4le n\u2019est pas de financer des extras aux coll\u00e8ges priv\u00e9s, qui ont suffisamment d\u2019aides publiques pour permettre aux \u00e9coliers, coll\u00e9giens et lyc\u00e9ens de mener \u00e0 bien leurs projets p\u00e9dagogiques. Nous savons que ce projet est ouvert \u00e0 tous les coll\u00e9giens de Villeurbanne, mais il est fort \u00e0 parier qu&#8217;une \u00e9crasante majorit\u00e9 d&#8217;\u00e9l\u00e8ves du coll\u00e8ge de l&#8217;Immacul\u00e9e Conception en b\u00e9n\u00e9ficierait. Nous pensons d\u2019ailleurs que ce fonds d\u2019initiative devrait \u00eatre exclusivement d\u00e9di\u00e9 aux \u00e9tablissements publics. Si ceux-ci ne se manifestent pas pour en b\u00e9n\u00e9ficier, c\u2019est certainement qu\u2019ils ne connaissent pas cette possibilit\u00e9, ou qu\u2019ils n\u2019ont pas le temps de s\u2019en saisir. Faire une campagne de communication aupr\u00e8s des professeurs et des jeunes dans ces \u00e9tablissements permettrait de mieux le faire conna\u00eetre.&nbsp;<\/p>\n\n\n\n<p>Alors on va nous r\u00e9torquer que ce n&#8217;est pas le coll\u00e8ge qui est financ\u00e9 mais les coll\u00e9giens. Certes, mais tout de m\u00eame, on parle ici de coll\u00e9giens d&#8217;un coll\u00e8ge priv\u00e9 d\u00e9j\u00e0 financ\u00e9 par des fonds publics ! Pour cette raison, nous nous abstiendrons sur cette d\u00e9lib\u00e9ration en coh\u00e9rence avec ce que nous avions fait il y a quelques mois pour le m\u00eame type de projet dans un autre \u00e9tablissement.<\/p>\n","protected":false},"excerpt":{"rendered":"<p>Par Ga\u00ebtan CONSTANT Merci. Je vais essayer de ne pas \u00eatre timide du coup. Monsieur le maire, chers coll\u00e8ges, Nous donnons d\u00e9j\u00e0 2,16 millions d\u2019euros en 2022 \u00e0 l\u2019enseignement priv\u00e9.&nbsp; Nous y sommes oblig\u00e9s par l\u2019\u00c9tat depuis la loi Debr\u00e9 de 1959 pour les \u00e9tablissements en contrat ; et depuis 2019, nous devons aussi financer&#8230;<\/p>\n","protected":false},"author":1,"featured_media":0,"comment_status":"open","ping_status":"open","sticky":false,"template":"","format":"standard","meta":[],"categories":[161,7],"tags":[43],"_links":{"self":[{"href":"https:\/\/villeurbanne-insoumise-ensemble.fr\/index.php?rest_route=\/wp\/v2\/posts\/1051"}],"collection":[{"href":"https:\/\/villeurbanne-insoumise-ensemble.fr\/index.php?rest_route=\/wp\/v2\/posts"}],"about":[{"href":"https:\/\/villeurbanne-insoumise-ensemble.fr\/index.php?rest_route=\/wp\/v2\/types\/post"}],"author":[{"embeddable":true,"href":"https:\/\/villeurbanne-insoumise-ensemble.fr\/index.php?rest_route=\/wp\/v2\/users\/1"}],"replies":[{"embeddable":true,"href":"https:\/\/villeurbanne-insoumise-ensemble.fr\/index.php?rest_route=%2Fwp%2Fv2%2Fcomments&post=1051"}],"version-history":[{"count":1,"href":"https:\/\/villeurbanne-insoumise-ensemble.fr\/index.php?rest_route=\/wp\/v2\/posts\/1051\/revisions"}],"predecessor-version":[{"id":1052,"href":"https:\/\/villeurbanne-insoumise-ensemble.fr\/index.php?rest_route=\/wp\/v2\/posts\/1051\/revisions\/1052"}],"wp:attachment":[{"href":"https:\/\/villeurbanne-insoumise-ensemble.fr\/index.php?rest_route=%2Fwp%2Fv2%2Fmedia&parent=1051"}],"wp:term":[{"taxonomy":"category","embeddable":true,"href":"https:\/\/villeurbanne-insoumise-ensemble.fr\/index.php?rest_route=%2Fwp%2Fv2%2Fcategories&post=1051"},{"taxonomy":"post_tag","embeddable":true,"href":"https:\/\/villeurbanne-insoumise-ensemble.fr\/index.php?rest_route=%2Fwp%2Fv2%2Ftags&post=1051"}],"curies":[{"name":"wp","href":"https:\/\/api.w.org\/{rel}","templated":true}]}}