{"id":105,"date":"2020-12-01T14:59:29","date_gmt":"2020-12-01T13:59:29","guid":{"rendered":"http:\/\/villeurbanne-insoumise-ensemble.fr\/?p=105"},"modified":"2023-11-22T15:35:51","modified_gmt":"2023-11-22T14:35:51","slug":"de-general-electric-a-lhopital-public-les-sacrifies-de-lelysee","status":"publish","type":"post","link":"https:\/\/villeurbanne-insoumise-ensemble.fr\/?p=105","title":{"rendered":"De General Electric \u00e0 l\u2019h\u00f4pital public, les sacrifi\u00e9s de l&#8217;Elys\u00e9e"},"content":{"rendered":"\n<p><em>D\u00e9cembre 2020 \/ Janvier 2021.<\/em><\/p>\n\n\n\n<p>Le 13 avril 2020, le Pr\u00e9sident de la R\u00e9publique d\u00e9clarait qu&#8217; <em>&#8221; il nous faudra nous rappeler aussi que notre pays, aujourd&#8217;hui, tient tout entier sur des femmes et des hommes que nos \u00e9conomies reconnaissent et r\u00e9mun\u00e8rent si mal.&#8221;<\/em> Alors que nous sommes priv\u00e9s de nos libert\u00e9s pour la seconde fois en moins d&#8217;un an, o\u00f9 en est-on du plan massif cens\u00e9 <em>&#8220;reb\u00e2tir une ind\u00e9pendance agricole, sanitaire, industrielle et technologique fran\u00e7aise&#8221;<\/em> ?<\/p>\n\n\n\n<p>Nous en sommes encore loin. Si une prime a bien \u00e9t\u00e9 vers\u00e9e \u00e0 certains secteurs productifs, elle repr\u00e9sente une goutte d&#8217;eau dans l&#8217;oc\u00e9an des promesses non tenues. Depuis 2017, il y a eu 8 500 suppressions de lits d&#8217;h\u00f4pitaux, dont 3 400 en 2019. D&#8217;autres sont toujours planifi\u00e9es, comme au CHU de Caen ou \u00e0 l&#8217;h\u00f4pital psychiatrique du Vinatier. Pour aller aux urgences, il faudra bient\u00f4t payer un forfait de 18 \u20ac ! O\u00f9 est pass\u00e9e la gratuit\u00e9 de notre syst\u00e8me de sant\u00e9 ?<\/p>\n\n\n\n<p>Les caissier\u00b7\u00e8re\u00b7s, les paysan\u00b7ne\u00b7s, les ouvrier\u00b7\u00e8re\u00b7s, les enseignant\u00b7e\u00b7s ; aucune de ces professions pourtant essentielles n&#8217;a vu ses conditions de travail s&#8217;am\u00e9liorer.<\/p>\n\n\n\n<p>C&#8217;est m\u00eame tout l&#8217;inverse : le syst\u00e8me productif fran\u00e7ais se d\u00e9pouille de ses meilleurs \u00e9l\u00e9ments sans que l\u2019\u00c9tat n&#8217;y trouve rien \u00e0 redire. \u00c0 Villeurbanne, le plan de licenciements et de d\u00e9localisation d\u00e9cid\u00e9 par la direction de General Electric ent\u00e9rine la d\u00e9mission du gouvernement face \u00e0 la transition \u00e9nerg\u00e9tique. A Gerzat, le refus de nationaliser Luxfer, qui produit des bouteilles d&#8217;oxyg\u00e8ne pour le secteur m\u00e9dical, confirme son abandon de nos entreprises strat\u00e9giques.<\/p>\n\n\n\n<p>La crise sanitaire et sociale nous impose de r\u00e9fl\u00e9chir au mod\u00e8le de soci\u00e9t\u00e9 que nous voulons. Faut-il r\u00e9agir \u00e0 ce qui nous prend au d\u00e9pourvu, ou planifier pour permettre notre r\u00e9silience ? Mettre en concurrence les peuples, ou bien miser sur l&#8217;entre-aide ? Abandonner les exclus de la mondialisation, ou compter sur la richesse d\u2019une France cosmopolite ?<\/p>\n\n\n\n<p>Planification, solidarit\u00e9, protection sociale : voil\u00e0 ce qu&#8217;il nous faut mettre en place.<\/p>\n\n\n\n<p><em>Les \u00e9lu\u00b7es du groupe Villeurbanne Insoumise Ensemble !<\/em><\/p>\n","protected":false},"excerpt":{"rendered":"<p>D\u00e9cembre 2020 \/ Janvier 2021. Le 13 avril 2020, le Pr\u00e9sident de la R\u00e9publique d\u00e9clarait qu&#8217; &#8221; il nous faudra nous rappeler aussi que notre pays, aujourd&#8217;hui, tient tout entier sur des femmes et des hommes que nos \u00e9conomies reconnaissent et r\u00e9mun\u00e8rent si mal.&#8221; Alors que nous sommes priv\u00e9s de nos libert\u00e9s pour la seconde&#8230;<\/p>\n","protected":false},"author":1,"featured_media":0,"comment_status":"open","ping_status":"open","sticky":false,"template":"","format":"standard","meta":[],"categories":[18,17],"tags":[43,182],"_links":{"self":[{"href":"https:\/\/villeurbanne-insoumise-ensemble.fr\/index.php?rest_route=\/wp\/v2\/posts\/105"}],"collection":[{"href":"https:\/\/villeurbanne-insoumise-ensemble.fr\/index.php?rest_route=\/wp\/v2\/posts"}],"about":[{"href":"https:\/\/villeurbanne-insoumise-ensemble.fr\/index.php?rest_route=\/wp\/v2\/types\/post"}],"author":[{"embeddable":true,"href":"https:\/\/villeurbanne-insoumise-ensemble.fr\/index.php?rest_route=\/wp\/v2\/users\/1"}],"replies":[{"embeddable":true,"href":"https:\/\/villeurbanne-insoumise-ensemble.fr\/index.php?rest_route=%2Fwp%2Fv2%2Fcomments&post=105"}],"version-history":[{"count":2,"href":"https:\/\/villeurbanne-insoumise-ensemble.fr\/index.php?rest_route=\/wp\/v2\/posts\/105\/revisions"}],"predecessor-version":[{"id":113,"href":"https:\/\/villeurbanne-insoumise-ensemble.fr\/index.php?rest_route=\/wp\/v2\/posts\/105\/revisions\/113"}],"wp:attachment":[{"href":"https:\/\/villeurbanne-insoumise-ensemble.fr\/index.php?rest_route=%2Fwp%2Fv2%2Fmedia&parent=105"}],"wp:term":[{"taxonomy":"category","embeddable":true,"href":"https:\/\/villeurbanne-insoumise-ensemble.fr\/index.php?rest_route=%2Fwp%2Fv2%2Fcategories&post=105"},{"taxonomy":"post_tag","embeddable":true,"href":"https:\/\/villeurbanne-insoumise-ensemble.fr\/index.php?rest_route=%2Fwp%2Fv2%2Ftags&post=105"}],"curies":[{"name":"wp","href":"https:\/\/api.w.org\/{rel}","templated":true}]}}