{"id":1049,"date":"2022-03-28T21:24:00","date_gmt":"2022-03-28T19:24:00","guid":{"rendered":"https:\/\/villeurbanne-insoumise-ensemble.fr\/?p=1049"},"modified":"2023-11-22T16:31:52","modified_gmt":"2023-11-22T15:31:52","slug":"tout-etre-humain-a-des-droits-avant-davoir-des-devoirs","status":"publish","type":"post","link":"https:\/\/villeurbanne-insoumise-ensemble.fr\/?p=1049","title":{"rendered":"Tout \u00eatre humain a des droits avant d&#8217;avoir des devoirs !"},"content":{"rendered":"\n<p><em>Par Julien RAVELLO<\/em><\/p>\n\n\n\n<figure class=\"wp-block-embed is-type-video is-provider-youtube wp-block-embed-youtube wp-embed-aspect-16-9 wp-has-aspect-ratio\"><div class=\"wp-block-embed__wrapper\">\n<iframe loading=\"lazy\" title=\"Julien RAVELLO - Tout \u00eatre humain a des droits avant d&#039;avoir des devoirs !\" width=\"640\" height=\"360\" src=\"https:\/\/www.youtube.com\/embed\/jbIlk9n_ngM?feature=oembed\" frameborder=\"0\" allow=\"accelerometer; autoplay; clipboard-write; encrypted-media; gyroscope; picture-in-picture\" allowfullscreen><\/iframe>\n<\/div><\/figure>\n\n\n\n<p>Nous soutenons cette subvention \u00e0 la Mission locale pour l&#8217;int\u00e9gration d&#8217;un poste de travailleur social. Un poste de plus, ce sont des dizaines de jeunes aid\u00e9s pour s\u2019ins\u00e9rer. Ce sont eux qui ont le plus de mal \u00e0 trouver du travail : je rappelle que 19% des 15-24 ans sont au ch\u00f4mage dans notre pays.&nbsp;<\/p>\n\n\n\n<p>Ce constat fait consensus : la jeunesse a besoin d\u2019aide. Mais de quelle aide a-t-elle besoin ?&nbsp;<\/p>\n\n\n\n<p>Nous sommes pr\u00e9venus.<\/p>\n\n\n\n<p>31 d\u00e9cembre 2021, Emmanuel Macron disait je cite&nbsp;: \u00ab <em>Les devoirs valent avant les droits<\/em> \u00bb<\/p>\n\n\n\n<p>29 janvier 2022, Gabriel Attal, je cite de nouveau : \u00ab <em>On veut aussi poursuivre la red\u00e9finition de notre contrat social, avec des devoirs qui passent avant les droits, du respect de l\u2019autorit\u00e9 aux prestations sociales<\/em> \u00bb<\/p>\n\n\n\n<p>Le contrat d\u2019engagement jeune vient d\u2019\u00eatre mis en place pour les 16 \u00e0 25 ans. En contrepartie d\u2019une formation de 15 \u00e0 20 heures par semaine, ils sont tenus d\u2019accepter (je vais encore citer, l\u00e0 cette fois-ci le d\u00e9cret) : \u00ab <em>un parcours intensif avec une mise en activit\u00e9 syst\u00e9matique, soutenue et r\u00e9guli\u00e8re [\u2026] visant \u00e0 orienter le jeune vers l&#8217;emploi ou l&#8217;alternance le plus rapidement possible \u00bb.<\/em> En cas d\u2019absence, ils s\u2019exposent \u00e0 une r\u00e9duction voire \u00e0 une suppression de l\u2019allocation de, tenez-vous bien, 497.50 \u20ac par mois. Un pognon de dingue auraient dit certains, mais une somme plus de deux fois inf\u00e9rieure au seuil de pauvret\u00e9. Pour 20 heures par semaine, cela revient \u00e0 \u00eatre pay\u00e9 6 \u20ac de l\u2019heure.<\/p>\n\n\n\n<p>Ce dispositif n\u2019est que le pr\u00e9mices de ce que pr\u00e9voit le Pr\u00e9sident Macron 2 s\u2019il est r\u00e9\u00e9lu. Laurent Wauquiez l\u2019a propos\u00e9, lui va l\u2019appliquer : une obligation de travail de 15 \u00e0 20 heures par semaine en contrepartie du RSA. R\u00e9trop\u00e9dalage cependant il y a quelques jours : pr\u00e9cisant qu\u2019il n\u2019\u00e9tait pas pour l\u2019esclavagisme \u2013 nous voil\u00e0 rassur\u00e9s ! \u2013, le pr\u00e9sident-candidat a ajout\u00e9 que ces heures de travail seraient r\u00e9mun\u00e9r\u00e9s au moins au SMIC. \u00c0 quand un \u00e9ni\u00e8me r\u00e9tro-r\u00e9trop\u00e9dalage ?<\/p>\n\n\n\n<p>Cinq ans de stigmatisation, cinq ann\u00e9es de flexibilisation. Il est grand temps de remettre les pendules \u00e0 l\u2019heure : tout \u00eatre humain \u00e0 des droits avant d\u2019avoir des devoirs. Il faut d\u00e9corr\u00e9ler les prestations sociales de l\u2019accompagnement : c\u2019est la seule fa\u00e7on de permettre au maximum de personnes d\u2019en b\u00e9n\u00e9ficier. Plut\u00f4t que de mettre des b\u00e2tons dans les roues des plus pauvres, il faut lutter contre le non-recours aux aides et d\u00e9velopper l&#8217;emploi, notamment avec la transition \u00e9cologique.<\/p>\n","protected":false},"excerpt":{"rendered":"<p>Par Julien RAVELLO Nous soutenons cette subvention \u00e0 la Mission locale pour l&#8217;int\u00e9gration d&#8217;un poste de travailleur social. Un poste de plus, ce sont des dizaines de jeunes aid\u00e9s pour s\u2019ins\u00e9rer. Ce sont eux qui ont le plus de mal \u00e0 trouver du travail : je rappelle que 19% des 15-24 ans sont au ch\u00f4mage&#8230;<\/p>\n","protected":false},"author":1,"featured_media":0,"comment_status":"open","ping_status":"open","sticky":false,"template":"","format":"standard","meta":[],"categories":[161,7],"tags":[77,182],"_links":{"self":[{"href":"https:\/\/villeurbanne-insoumise-ensemble.fr\/index.php?rest_route=\/wp\/v2\/posts\/1049"}],"collection":[{"href":"https:\/\/villeurbanne-insoumise-ensemble.fr\/index.php?rest_route=\/wp\/v2\/posts"}],"about":[{"href":"https:\/\/villeurbanne-insoumise-ensemble.fr\/index.php?rest_route=\/wp\/v2\/types\/post"}],"author":[{"embeddable":true,"href":"https:\/\/villeurbanne-insoumise-ensemble.fr\/index.php?rest_route=\/wp\/v2\/users\/1"}],"replies":[{"embeddable":true,"href":"https:\/\/villeurbanne-insoumise-ensemble.fr\/index.php?rest_route=%2Fwp%2Fv2%2Fcomments&post=1049"}],"version-history":[{"count":1,"href":"https:\/\/villeurbanne-insoumise-ensemble.fr\/index.php?rest_route=\/wp\/v2\/posts\/1049\/revisions"}],"predecessor-version":[{"id":1050,"href":"https:\/\/villeurbanne-insoumise-ensemble.fr\/index.php?rest_route=\/wp\/v2\/posts\/1049\/revisions\/1050"}],"wp:attachment":[{"href":"https:\/\/villeurbanne-insoumise-ensemble.fr\/index.php?rest_route=%2Fwp%2Fv2%2Fmedia&parent=1049"}],"wp:term":[{"taxonomy":"category","embeddable":true,"href":"https:\/\/villeurbanne-insoumise-ensemble.fr\/index.php?rest_route=%2Fwp%2Fv2%2Fcategories&post=1049"},{"taxonomy":"post_tag","embeddable":true,"href":"https:\/\/villeurbanne-insoumise-ensemble.fr\/index.php?rest_route=%2Fwp%2Fv2%2Ftags&post=1049"}],"curies":[{"name":"wp","href":"https:\/\/api.w.org\/{rel}","templated":true}]}}