{"id":1047,"date":"2022-03-28T21:22:00","date_gmt":"2022-03-28T19:22:00","guid":{"rendered":"https:\/\/villeurbanne-insoumise-ensemble.fr\/?p=1047"},"modified":"2023-11-22T16:23:33","modified_gmt":"2023-11-22T15:23:33","slug":"depuis-quand-le-racisme-peut-il-etre-exprime-si-ouvertement","status":"publish","type":"post","link":"https:\/\/villeurbanne-insoumise-ensemble.fr\/?p=1047","title":{"rendered":"Depuis quand le racisme peut-il \u00eatre exprim\u00e9 si ouvertement ?"},"content":{"rendered":"\n<p><em>Par Aurore GORRIQUER<\/em><\/p>\n\n\n\n<figure class=\"wp-block-embed is-type-video is-provider-youtube wp-block-embed-youtube wp-embed-aspect-16-9 wp-has-aspect-ratio\"><div class=\"wp-block-embed__wrapper\">\n<iframe loading=\"lazy\" title=\"Aurore GORRIQUER - Depuis quand le racisme peut-il \u00eatre exprim\u00e9 si ouvertement ?\" width=\"640\" height=\"360\" src=\"https:\/\/www.youtube.com\/embed\/BUz4fGvRQjE?feature=oembed\" frameborder=\"0\" allow=\"accelerometer; autoplay; clipboard-write; encrypted-media; gyroscope; picture-in-picture\" allowfullscreen><\/iframe>\n<\/div><\/figure>\n\n\n\n<p>Je vais commencer par une citation d\u2019une phrase que vous avez peut-\u00eatre entendu r\u00e9cemment&nbsp;: \u00ab <em>Tr\u00e8s nombreux sont les libyens, tr\u00e8s nombreux sont les syriens, tr\u00e8s nombreux sont les afghans [\u2026] \u00e0 avoir demand\u00e9 l\u2019asile. Simplement il y a parfois un d\u00e9tournement du droit d&#8217;asile pour d&#8217;autres raisons. Mais ce n&#8217;est vraiment pas le cas des ukrainiens, chacun constate qu&#8217;il y a la guerre dans leur pays<\/em> \u00bb<\/p>\n\n\n\n<p>Voil\u00e0 comment, ce jeudi 3 mars, G\u00e9rald Darmanin a r\u00e9sum\u00e9 sur France Inter sa politique migratoire. Il ne faisait finalement que r\u00e9p\u00e9ter avec d\u2019autres mots ce qu\u2019avait dit Emmanuel Macron \u00e0 propos du retour des talibans en Afghanistan, je cite : <em>\u00ab<\/em> <em>L\u2019Afghanistan aura besoin dans le temps qui viennent de ses forces vives et l\u2019Europe ne peut pas \u00e0 elle seule assumer les cons\u00e9quences de la situation actuelle. Nous devons anticiper et nous prot\u00e9ger contre les flux migratoires irr\u00e9guliers importants. \u00bb<\/em><\/p>\n\n\n\n<p>Nos gouvernants ne sont malheureusement pas les seuls \u00e0 cr\u00e9er des distinctions entre le bon et le mauvais migrant. Certains \u00e9ditorialistes, journalistes et autres responsable d&#8217;extr\u00eame-droite semblent s\u2019\u00eatre pass\u00e9s le mot. Dans leur bouche, accueillir les uns plut\u00f4t que les autres rel\u00e8ve de l\u2019\u00e9vidence, puisque certains nous ressembleraient plus que d\u2019autres.<\/p>\n\n\n\n<p>Depuis&nbsp; quand le racisme peut-il \u00eatre exprim\u00e9&nbsp; si ouvertement en France sans r\u00e9elles cons\u00e9quences ?<\/p>\n\n\n\n<p>L\u2019Union europ\u00e9enne a&nbsp; mis en place en urgence un statut de protection temporaire le 4 mars dernier pour accueillir plus facilement les r\u00e9fugi\u00e9s d\u2019Ukraine. Pourquoi cela n\u2019a-t-il pas \u00e9t\u00e9 fait pour ceux provenant d\u2019Afghanistan, l\u2019\u00e9t\u00e9 dernier ? Cette protection temporaire nous rappelle que l\u2019Europe b\u00e9n\u00e9ficie d\u00e9j\u00e0 d\u2019outils pour accueillir plus rapidement des r\u00e9fugi\u00e9s. Ne pas l\u2019avoir utilis\u00e9 pour ceux et celles provenant des pays du Maghreb ou de la p\u00e9ninsule arabique est un choix politique ; maintenir l\u2019inaction face au doublement, en 1 an, du nombre de morts en M\u00e9diterran\u00e9e est un choix politique.&nbsp;<\/p>\n\n\n\n<p>Notre choix, ici, \u00e0 Villeurbanne, est d\u2019accueillir tous et toutes les r\u00e9fugi\u00e9.es, peu importe la guerre ou le tyran qu\u2019ils fuient. L\u2019\u00e9quipe pr\u00e9c\u00e9dente le faisait d\u00e9j\u00e0, et nous continuons de cr\u00e9er des places de logement et de l\u2019aide alimentaire pour toutes et tous.&nbsp;<\/p>\n\n\n\n<p>Nous plaidons ce soir pour qu\u2019avec l\u2019arriv\u00e9e des r\u00e9fugi\u00e9s ukrainiens, l\u2019\u00c9tat reconnaisse&nbsp; le&nbsp; manque de structures d\u2019accueil en France ; pour que l\u2019\u00c9tat donne de vrais moyens aux communes pour cr\u00e9er des h\u00e9bergements adapt\u00e9s ; pour que l\u2019\u00c9tat anticipe les migrations li\u00e9es au changement climatique en pr\u00e9voyant des logements.<\/p>\n\n\n\n<p>Nous ne croyons pas \u00e0 un changement de philosophie du gouvernement en place. Les d\u00e9clarations de Darmanin et Macron montrent bien leur peur et leur rejet des r\u00e9fugi\u00e9s. Nous croyons en revanche qu\u2019avec un autre gouvernement d&#8217;union populaire, \u00e9cologiste et social, la France pourra prendre sa v\u00e9ritable part dans l\u2019accueil des r\u00e9fugi\u00e9s.<\/p>\n\n\n\n<p>En attendant, je suis fi\u00e8re d&#8217;\u00eatre \u00e9lue pour une ville qui accueille sans distinction.&nbsp;Nous voterons bien s\u00fbr pour cette d\u00e9lib\u00e9ration.<\/p>\n","protected":false},"excerpt":{"rendered":"<p>Par Aurore GORRIQUER Je vais commencer par une citation d\u2019une phrase que vous avez peut-\u00eatre entendu r\u00e9cemment&nbsp;: \u00ab Tr\u00e8s nombreux sont les libyens, tr\u00e8s nombreux sont les syriens, tr\u00e8s nombreux sont les afghans [\u2026] \u00e0 avoir demand\u00e9 l\u2019asile. Simplement il y a parfois un d\u00e9tournement du droit d&#8217;asile pour d&#8217;autres raisons. Mais ce n&#8217;est vraiment&#8230;<\/p>\n","protected":false},"author":1,"featured_media":0,"comment_status":"open","ping_status":"open","sticky":false,"template":"","format":"standard","meta":[],"categories":[161,7],"tags":[87,188],"_links":{"self":[{"href":"https:\/\/villeurbanne-insoumise-ensemble.fr\/index.php?rest_route=\/wp\/v2\/posts\/1047"}],"collection":[{"href":"https:\/\/villeurbanne-insoumise-ensemble.fr\/index.php?rest_route=\/wp\/v2\/posts"}],"about":[{"href":"https:\/\/villeurbanne-insoumise-ensemble.fr\/index.php?rest_route=\/wp\/v2\/types\/post"}],"author":[{"embeddable":true,"href":"https:\/\/villeurbanne-insoumise-ensemble.fr\/index.php?rest_route=\/wp\/v2\/users\/1"}],"replies":[{"embeddable":true,"href":"https:\/\/villeurbanne-insoumise-ensemble.fr\/index.php?rest_route=%2Fwp%2Fv2%2Fcomments&post=1047"}],"version-history":[{"count":1,"href":"https:\/\/villeurbanne-insoumise-ensemble.fr\/index.php?rest_route=\/wp\/v2\/posts\/1047\/revisions"}],"predecessor-version":[{"id":1048,"href":"https:\/\/villeurbanne-insoumise-ensemble.fr\/index.php?rest_route=\/wp\/v2\/posts\/1047\/revisions\/1048"}],"wp:attachment":[{"href":"https:\/\/villeurbanne-insoumise-ensemble.fr\/index.php?rest_route=%2Fwp%2Fv2%2Fmedia&parent=1047"}],"wp:term":[{"taxonomy":"category","embeddable":true,"href":"https:\/\/villeurbanne-insoumise-ensemble.fr\/index.php?rest_route=%2Fwp%2Fv2%2Fcategories&post=1047"},{"taxonomy":"post_tag","embeddable":true,"href":"https:\/\/villeurbanne-insoumise-ensemble.fr\/index.php?rest_route=%2Fwp%2Fv2%2Ftags&post=1047"}],"curies":[{"name":"wp","href":"https:\/\/api.w.org\/{rel}","templated":true}]}}