{"id":1045,"date":"2022-03-28T21:20:00","date_gmt":"2022-03-28T19:20:00","guid":{"rendered":"https:\/\/villeurbanne-insoumise-ensemble.fr\/?p=1045"},"modified":"2023-11-22T16:23:16","modified_gmt":"2023-11-22T15:23:16","slug":"lecole-doit-etre-la-meme-pour-tous-et-toutes","status":"publish","type":"post","link":"https:\/\/villeurbanne-insoumise-ensemble.fr\/?p=1045","title":{"rendered":"L&#8217;\u00e9cole doit \u00eatre la m\u00eame pour tous et toutes !"},"content":{"rendered":"\n<p><em>Par Danielle CARASCO<\/em><\/p>\n\n\n\n<figure class=\"wp-block-embed is-type-video is-provider-youtube wp-block-embed-youtube wp-embed-aspect-16-9 wp-has-aspect-ratio\"><div class=\"wp-block-embed__wrapper\">\n<iframe loading=\"lazy\" title=\"Danielle CARASCO - L&#039;\u00e9cole doit \u00eatre la m\u00eame pour tous et toutes !\" width=\"640\" height=\"360\" src=\"https:\/\/www.youtube.com\/embed\/ob-c87m4rVk?feature=oembed\" frameborder=\"0\" allow=\"accelerometer; autoplay; clipboard-write; encrypted-media; gyroscope; picture-in-picture\" allowfullscreen><\/iframe>\n<\/div><\/figure>\n\n\n\n<p>Nous voterons pour ce rapport car nous ne pouvons qu\u2019\u00eatre heureux d\u2019obtenir 1,5 millions pour permettre \u00e0 nos jeunes de s\u2019\u00e9panouir \u00e0 l\u2019\u00e9cole. Avec 230 millions d\u2019euros au total, ce dispositif ne repr\u00e9sente cependant qu\u2019une goutte d\u2019eau dans un budget qui n\u2019a cess\u00e9 de diminuer depuis la nomination de Jean-Michel Blanquer. Pour le reste, l\u2019\u00e9ducation nationale est toujours sous aust\u00e9rit\u00e9, qui se traduit par la diminution des postes et le non-remplacement des professeurs.<\/p>\n\n\n\n<p>Nous avons plusieurs points de vigilance par rapport aux Cit\u00e9s \u00c9ducatives, d\u2019abord localement. L\u2019aide est substantielle mais elle ne court que sur 3 ans ; m\u00eame \u00e0 l\u2019\u00e9chelle d\u2019une scolarit\u00e9, ce n\u2019est pas grand-chose. Il faudra faire attention \u00e0 ce que les petites associations ne se retrouvent pas sans ressources apr\u00e8s avoir embauch\u00e9.&nbsp;<\/p>\n\n\n\n<p>Il faudra aussi faire tr\u00e8s attention \u00e0 ce que ce soient bien elles qui b\u00e9n\u00e9ficient de ces subventions. Les grandes associations nationales ont en effet bien plus de moyens pour r\u00e9pondre, et certaines peuvent \u00eatre un peu gourmandes, alors que nous voulons privil\u00e9gier des associations d\u00e9j\u00e0 bien implant\u00e9es \u00e0 Villeurbanne qui ont notre confiance.<\/p>\n\n\n\n<p>Mais les Cit\u00e9s \u00e9ducatives, et ce qui ressemble \u00e0 une usine \u00e0 gaz tout de m\u00eame,&nbsp; c\u2019est surtout le sympt\u00f4me d\u2019un changement grave de la nature de l\u2019\u00e9cole r\u00e9publicaine. De la r\u00e9forme du lyc\u00e9e \u00e0 celle de l\u2019universit\u00e9, de la suppression du bac aux dispositifs locaux, les \u00e9coles, coll\u00e8ges et lyc\u00e9es sont mis en concurrence les uns avec les autres. En passant par le syst\u00e8me d\u2019appel \u00e0 projet, les ministres hi\u00e9rarchisent et s\u00e9lectionnent les \u00e9coles, \u00e0 l\u2019oppos\u00e9 de l\u2019universalisme de l\u2019enseignement.&nbsp; C\u2019est d\u2019ailleurs \u00e9crit dans la d\u00e9lib\u00e9ration, puisqu\u2019il est question d\u2019aller vers \u00ab <em>les objectifs d\u00e9finis par la Cit\u00e9<\/em> \u00bb, qui ne peuvent qu&#8217;\u00eatre locaux.&nbsp;<\/p>\n\n\n\n<p>Nous pensons bien au contraire que l\u2019\u00e9cole doit \u00eatre la m\u00eame pour tous et toutes, peu importe l\u00e0 o\u00f9 l\u2019on habite ou notre niveau de richesse. Les enseignements ne doivent pas d\u00e9pendre du bon vouloir d\u2019une commune \u00e0 r\u00e9pondre \u00e0 un appel \u00e0 projet !<\/p>\n\n\n\n<p>A l\u2019oppos\u00e9 de l\u2019\u00e9clatement du syst\u00e8me \u00e9ducatif, nous voulons que soient partout r\u00e9duits les effectifs par classe, que soit augment\u00e9 le nombre d\u2019enseignants. Les moyens ne doivent pas \u00eatre saupoudr\u00e9s : ils doivent \u00eatre \u00e0 la hauteur partout !&nbsp;<\/p>\n","protected":false},"excerpt":{"rendered":"<p>Par Danielle CARASCO Nous voterons pour ce rapport car nous ne pouvons qu\u2019\u00eatre heureux d\u2019obtenir 1,5 millions pour permettre \u00e0 nos jeunes de s\u2019\u00e9panouir \u00e0 l\u2019\u00e9cole. Avec 230 millions d\u2019euros au total, ce dispositif ne repr\u00e9sente cependant qu\u2019une goutte d\u2019eau dans un budget qui n\u2019a cess\u00e9 de diminuer depuis la nomination de Jean-Michel Blanquer. Pour&#8230;<\/p>\n","protected":false},"author":1,"featured_media":0,"comment_status":"open","ping_status":"open","sticky":false,"template":"","format":"standard","meta":[],"categories":[161,7],"tags":[77,43],"_links":{"self":[{"href":"https:\/\/villeurbanne-insoumise-ensemble.fr\/index.php?rest_route=\/wp\/v2\/posts\/1045"}],"collection":[{"href":"https:\/\/villeurbanne-insoumise-ensemble.fr\/index.php?rest_route=\/wp\/v2\/posts"}],"about":[{"href":"https:\/\/villeurbanne-insoumise-ensemble.fr\/index.php?rest_route=\/wp\/v2\/types\/post"}],"author":[{"embeddable":true,"href":"https:\/\/villeurbanne-insoumise-ensemble.fr\/index.php?rest_route=\/wp\/v2\/users\/1"}],"replies":[{"embeddable":true,"href":"https:\/\/villeurbanne-insoumise-ensemble.fr\/index.php?rest_route=%2Fwp%2Fv2%2Fcomments&post=1045"}],"version-history":[{"count":1,"href":"https:\/\/villeurbanne-insoumise-ensemble.fr\/index.php?rest_route=\/wp\/v2\/posts\/1045\/revisions"}],"predecessor-version":[{"id":1046,"href":"https:\/\/villeurbanne-insoumise-ensemble.fr\/index.php?rest_route=\/wp\/v2\/posts\/1045\/revisions\/1046"}],"wp:attachment":[{"href":"https:\/\/villeurbanne-insoumise-ensemble.fr\/index.php?rest_route=%2Fwp%2Fv2%2Fmedia&parent=1045"}],"wp:term":[{"taxonomy":"category","embeddable":true,"href":"https:\/\/villeurbanne-insoumise-ensemble.fr\/index.php?rest_route=%2Fwp%2Fv2%2Fcategories&post=1045"},{"taxonomy":"post_tag","embeddable":true,"href":"https:\/\/villeurbanne-insoumise-ensemble.fr\/index.php?rest_route=%2Fwp%2Fv2%2Ftags&post=1045"}],"curies":[{"name":"wp","href":"https:\/\/api.w.org\/{rel}","templated":true}]}}