{"id":1041,"date":"2022-03-28T21:00:00","date_gmt":"2022-03-28T19:00:00","guid":{"rendered":"https:\/\/villeurbanne-insoumise-ensemble.fr\/?p=1041"},"modified":"2023-11-21T11:19:05","modified_gmt":"2023-11-21T10:19:05","slug":"nous-renforcons-loffre-de-services-publics","status":"publish","type":"post","link":"https:\/\/villeurbanne-insoumise-ensemble.fr\/?p=1041","title":{"rendered":"Nous renfor\u00e7ons l&#8217;offre de services publics !"},"content":{"rendered":"\n<p><em>Par Agathe Fort<\/em><\/p>\n\n\n\n<figure class=\"wp-block-embed is-type-video is-provider-youtube wp-block-embed-youtube wp-embed-aspect-16-9 wp-has-aspect-ratio\"><div class=\"wp-block-embed__wrapper\">\n<iframe loading=\"lazy\" title=\"Agathe FORT - Nous renfor\u00e7ons l&#039;offre de services publics !\" width=\"640\" height=\"360\" src=\"https:\/\/www.youtube.com\/embed\/x5igAv2FIPQ?feature=oembed\" frameborder=\"0\" allow=\"accelerometer; autoplay; clipboard-write; encrypted-media; gyroscope; picture-in-picture\" allowfullscreen><\/iframe>\n<\/div><\/figure>\n\n\n\n<p>Il y a un an, nous intervenions par la voix d&#8217;Olivier Gl\u00fcck en indiquant que 2021 marquerait le d\u00e9but des grands investissements : on le constate aujourd&#8217;hui.<\/p>\n\n\n\n<p>Pour ce qui concerne la lutte contre les in\u00e9galit\u00e9s et les discriminations, les \u00e9tudes pour la cr\u00e9ation du p\u00f4le alimentaire pr\u00e8s de Flachet ont \u00e9t\u00e9 commenc\u00e9es. Le but est de rendre effectif et facile le droit \u00e0 s&#8217;alimenter pour toutes et tous ; le projet devrait voir le jour en septembre 2022.&nbsp;<\/p>\n\n\n\n<p>Nous continuons aussi de produire des logements sociaux avec les bailleurs, dans la limite de nos possibilit\u00e9s financi\u00e8res. Pour pouvoir en produire davantage, l\u2019\u00c9tat doit augmenter largement les aides \u00e0 la construction, au lieu de les diminuer. La cr\u00e9ation du Bail r\u00e9el solidaire \u00e0 la m\u00e9tropole, et nous en parlerons plus tard dans ce conseil, permet aussi d&#8217;\u00e9largir la ma\u00eetrise publique des logements, ce qui est une tr\u00e8s bonne chose pour \u00e9viter que le march\u00e9 ne laisse de c\u00f4t\u00e9 tous ceux et celles qui ne peuvent pas louer ou acheter dans le priv\u00e9.<\/p>\n\n\n\n<p>Pour compl\u00e9ter sur le logement, nous avons aussi offert une solution aux plus mal-log\u00e9s avec la r\u00e9habilitation de l&#8217;ancienne r\u00e9sidence pour personnes \u00e2g\u00e9es Ch\u00e2teau-Gaillard : pendant au moins 5 ans, on pourra s&#8217;y loger mais aussi rencontrer, se renseigner, partager&#8230; avec les autres habitants et associations pr\u00e9sentes sur place.<\/p>\n\n\n\n<p>Pour la transition \u00e9cologique, plusieurs \u00e9tudes vont donner lieu, \u00e0 partir de cette ann\u00e9e, \u00e0 des actions concr\u00e8tes. C&#8217;est par exemple celle sur la d\u00e9simperm\u00e9abilisation des cours d&#8217;\u00e9cole, qui vont se poursuivre, ou encore sur le projet de mara\u00eechage urbain.&nbsp;Nous poursuivons les op\u00e9rations de r\u00e9habilitation du patrimoine public, et les aides \u00e9nerg\u00e9tiques pour le patrimoine priv\u00e9, pour \u00e0 la fois am\u00e9liorer le confort des usagers et particuliers, mais aussi faire des \u00e9conomies d&#8217;\u00e9nergie. Notre conviction est que ces r\u00e9novations sont non seulement n\u00e9cessaires, mais in\u00e9vitables : la p\u00e9riode de tension sur l&#8217;\u00e9nergie que nous connaissons aujourd\u2019hui ne va certainement faire que s&#8217;aggraver avec la diminution des mati\u00e8res premi\u00e8res, et il faut l&#8217;anticiper.<\/p>\n\n\n\n<p>Nous renfor\u00e7ons aussi l&#8217;offre de services publics, que ce soit sur les cr\u00e8ches (\u00e9tude sur l&#8217;EAJE Gratte-Ciel, construction de l&#8217;EAJE Ellen Key), les b\u00e2timents scolaires (\u00e9tudes sur l&#8217;extension et restructuration du groupe Ernest Renan sud, l&#8217;extension de la maternelle Saint-Exup\u00e9ry, ou la restructuration de Croix-Luizet&#8230;) ou encore nos \u00e9quipements sportifs (construction du gymnase Jeanne Desparmet-Ruello, \u00e9tudes sur les besoins dans les piscines). Nous avons \u00e9t\u00e9 \u00e9lus il y a moins de 2 ans et beaucoup de nos projets sont encore en \u00e9tude ; ils devraient n\u00e9anmoins commencer \u00e0 entrer en phase op\u00e9rationnelle dans quelques mois \u00e0 ann\u00e9es.<\/p>\n\n\n\n<p>Nous avons aussi des d\u00e9penses contraintes, d\u00e9pendantes de facteurs ext\u00e9rieurs. M\u00eame si des op\u00e9rations d&#8217;\u00e9conomies d&#8217;\u00e9nergie ont \u00e9t\u00e9 r\u00e9alis\u00e9es, en passant d&#8217;appareils anciens \u00e0 ces \u00e9clairages \u00e0 leds, les d\u00e9penses d&#8217;\u00e9lectricit\u00e9 risquent d&#8217;\u00e9clater en 2022, comme celles du gaz l&#8217;ont fait en 2021 avec une augmentation de 20% du co\u00fbt. Ce sont des charges \u00e0 surveiller, et nous exhortons l\u2019\u00c9tat \u00e0 bloquer les prix de ces mati\u00e8res premi\u00e8res. La hausse historique des prix du p\u00e9trole est conjointe \u00e0 celle des profits de Total : 13 milliards en 2021 ! Il est scandaleux que ce soient aux contribuables et aux collectivit\u00e9s de payer les profits des actionnaires. Il est urgent de prendre l&#8217;argent l\u00e0 o\u00f9 il se trouve.<\/p>\n\n\n\n<p>Nous alertons enfin sur l&#8217;incertitude qui p\u00e8se sur nos recettes. Pour celles de fonctionnement, les imp\u00f4ts et taxes repr\u00e9sentent 75% de nos recettes. Or, le gouvernement en place a d\u00e9j\u00e0 supprim\u00e9 la taxe d&#8217;habitation sur les r\u00e9sidences principales, qui est compens\u00e9e en partie par la m\u00e9tropole de Lyon, elle-m\u00eame compens\u00e9e par la TVA. Nous l&#8217;avons d\u00e9j\u00e0 dit, la taxe d&#8217;habitation n&#8217;\u00e9tait pas la plus juste, mais la compenser par la taxe la plus injuste va dans le mauvais sens. Ajoutons \u00e0 cela une troisi\u00e8me compensation puisque la m\u00e9tropole ne peut totalement d\u00e9dommager la ville : il s&#8217;agit d&#8217;un coefficient correcteur \u00e0 la taxe fonci\u00e8re sur le b\u00e2ti.&nbsp;<\/p>\n\n\n\n<p>Une belle usine \u00e0 gaz, destin\u00e9e \u00e0 nous faire croire que le gouvernement baisse les imp\u00f4ts et taxes des m\u00e9nages. Nous ne sommes cependant pas dupes.<\/p>\n\n\n\n<p>Avec l&#8217;annonce de la suppression de la Cotisation sur la valeur ajout\u00e9e des entreprises, le Pr\u00e9sident Macron c\u00e8de \u00e0 la demande du Medef qui ass\u00e8chera encore davantage les finances des collectivit\u00e9s territoriales. Parall\u00e8lement, rappelons que les cr\u00e9dits d&#8217;imp\u00f4t et all\u00e8gements de cotisations sociales diverses pour les grandes entreprises sont toujours l\u00e9gions. Pendant la crise sanitaire, les entreprises au chiffre d&#8217;affaire le plus \u00e9lev\u00e9 ont vu leurs imp\u00f4ts de production et sur les soci\u00e9t\u00e9s baisser de 2% de leur valeur ajout\u00e9e, contre moins de 1% pour les entreprises au plus faible chiffre d&#8217;affaire. Est-ce qu&#8217;il n&#8217;y aurait pas deux poids, deux mesures ?<\/p>\n\n\n\n<p>Nous ne pouvons finir notre intervention sans parler des femmes et des hommes qui permettent \u00e0 notre majorit\u00e9 de faire sortir tous ces projets. Premi\u00e8rement, nous voudrions remercier l&#8217;ensemble du personnel qui \u0153uvre avec beaucoup de professionnalisme et d&#8217;implication pour mettre en \u0153uvre le plan de mandat. Le travail de l&#8217;adjoint au Ressources Humaines, Olivier Gl\u00fcck, est essentiel pour am\u00e9liorer les conditions de travail des agents, augmenter les r\u00e9mun\u00e9rations, notamment des cat\u00e9gories C, et d\u00e9ployer un plan de formation permettant aux agents d&#8217;acqu\u00e9rir de nouvelles comp\u00e9tences. Deuxi\u00e8mement, la mise en \u0153uvre du plan de mandat n\u00e9cessite des embauches et nous sommes ambitieux sur ce plan avec la cr\u00e9ation de plus d\u2019une centaine de postes en 2021, apr\u00e8s 90 postes en 2020.<\/p>\n\n\n\n<p>Nous voterons donc favorablement ces rapports.<\/p>\n","protected":false},"excerpt":{"rendered":"<p>Par Agathe Fort Il y a un an, nous intervenions par la voix d&#8217;Olivier Gl\u00fcck en indiquant que 2021 marquerait le d\u00e9but des grands investissements : on le constate aujourd&#8217;hui. Pour ce qui concerne la lutte contre les in\u00e9galit\u00e9s et les discriminations, les \u00e9tudes pour la cr\u00e9ation du p\u00f4le alimentaire pr\u00e8s de Flachet ont \u00e9t\u00e9&#8230;<\/p>\n","protected":false},"author":1,"featured_media":0,"comment_status":"open","ping_status":"open","sticky":false,"template":"","format":"standard","meta":[],"categories":[161,7],"tags":[84,43],"_links":{"self":[{"href":"https:\/\/villeurbanne-insoumise-ensemble.fr\/index.php?rest_route=\/wp\/v2\/posts\/1041"}],"collection":[{"href":"https:\/\/villeurbanne-insoumise-ensemble.fr\/index.php?rest_route=\/wp\/v2\/posts"}],"about":[{"href":"https:\/\/villeurbanne-insoumise-ensemble.fr\/index.php?rest_route=\/wp\/v2\/types\/post"}],"author":[{"embeddable":true,"href":"https:\/\/villeurbanne-insoumise-ensemble.fr\/index.php?rest_route=\/wp\/v2\/users\/1"}],"replies":[{"embeddable":true,"href":"https:\/\/villeurbanne-insoumise-ensemble.fr\/index.php?rest_route=%2Fwp%2Fv2%2Fcomments&post=1041"}],"version-history":[{"count":1,"href":"https:\/\/villeurbanne-insoumise-ensemble.fr\/index.php?rest_route=\/wp\/v2\/posts\/1041\/revisions"}],"predecessor-version":[{"id":1042,"href":"https:\/\/villeurbanne-insoumise-ensemble.fr\/index.php?rest_route=\/wp\/v2\/posts\/1041\/revisions\/1042"}],"wp:attachment":[{"href":"https:\/\/villeurbanne-insoumise-ensemble.fr\/index.php?rest_route=%2Fwp%2Fv2%2Fmedia&parent=1041"}],"wp:term":[{"taxonomy":"category","embeddable":true,"href":"https:\/\/villeurbanne-insoumise-ensemble.fr\/index.php?rest_route=%2Fwp%2Fv2%2Fcategories&post=1041"},{"taxonomy":"post_tag","embeddable":true,"href":"https:\/\/villeurbanne-insoumise-ensemble.fr\/index.php?rest_route=%2Fwp%2Fv2%2Ftags&post=1041"}],"curies":[{"name":"wp","href":"https:\/\/api.w.org\/{rel}","templated":true}]}}