{"id":103,"date":"2020-11-01T14:56:25","date_gmt":"2020-11-01T13:56:25","guid":{"rendered":"http:\/\/villeurbanne-insoumise-ensemble.fr\/?p=103"},"modified":"2023-11-22T15:32:18","modified_gmt":"2023-11-22T14:32:18","slug":"5g-leur-monde-et-le-notre","status":"publish","type":"post","link":"https:\/\/villeurbanne-insoumise-ensemble.fr\/?p=103","title":{"rendered":"5G, leur monde et le n\u00f4tre"},"content":{"rendered":"\n<p><em>Novembre 2020.<\/em> <\/p>\n\n\n\n<p>Le groupe Villeurbanne Insoumise Ensemble ! est fier de s\u2019associer \u00e0 la demande de moratoire sur la 5G port\u00e9e par des \u00e9lus de toute la France et par notre maire, C\u00e9dric Van Styvendael. Cette technologie pose de nombreux probl\u00e8mes : potentiellement dangereuse pour la sant\u00e9, anti-d\u00e9mocratique, anti-\u00e9cologique, elle m\u00e9riterait un large d\u00e9bat national. R\u00e9fl\u00e9chir avant d\u2019agir, discuter et argumenter, voil\u00e0 la voie vers laquelle nous voulons porter ce sujet.<\/p>\n\n\n\n<p>La r\u00e9ponse de l\u2019Elys\u00e9e ne s\u2019est pas faite attendre. Emmanuel Macron a caricatur\u00e9 ses opposants et n\u2019a pas encore r\u00e9pondu sur le fond du sujet. Pourtant, \u00e0 l\u2019heure o\u00f9 les citoyens sont exhort\u00e9s \u00e0 agir pour diminuer leur emprunte carbone, proposer une technologie \u00e9nergivore est un non-sens. La convention citoyenne pour le climat l\u2019a rappel\u00e9 : le passage de la 4G \u00e0 la 5G augmentera la consommation \u00e9nerg\u00e9tique de 30%, pour une utilit\u00e9 incertaine.<\/p>\n\n\n\n<p>Les nouvelles bandes hautes fr\u00e9quences sont d\u2019ailleurs diff\u00e9rentes de celles de la 3G et de la 4G, et on ne conna\u00eet pas leurs effets \u00e0 long terme sur la sant\u00e9. Aucun rapport sanitaire s\u00e9rieux n\u2019existe pour prouver leur innocuit\u00e9, si ce n\u2019est une \u00e9tude du comit\u00e9 scientifique de l\u2019UE pr\u00e9venant de cons\u00e9quences biologiques, de probl\u00e8mes de sant\u00e9 et de s\u00e9curit\u00e9 qui demeurent inconnus.<\/p>\n\n\n\n<p>La 5G nous est impos\u00e9e au nom du progr\u00e8s et de l\u2019imp\u00e9ratif de comp\u00e9titivit\u00e9 entre les pays. \u00catre concurrentiel, rester dans la course \u00e0 la production est le seul horizon qui nous est propos\u00e9. S\u2019il est vrai que l\u2019arriv\u00e9e du chemin de fer ou d\u2019internet ont largement contribu\u00e9 \u00e0 l\u2019am\u00e9lioration de notre qualit\u00e9 de vie, quels b\u00e9n\u00e9fices tirerons-nous de la 5G ?<\/p>\n\n\n\n<p>Aujourd\u2019hui, il est temps de r\u00e9fl\u00e9chir collectivement \u00e0 ce qui signifie le progr\u00e8s humain et \u00e0 ce que nous devons mettre en \u0153uvre pour le faire advenir. Si ce d\u00e9bat nous est refus\u00e9 par le gouvernement, portons-le localement et faisons vivre la d\u00e9mocratie \u00e0 Villeurbanne !<\/p>\n\n\n\n<p><em>Les \u00e9lu\u00b7es du groupe Villeurbanne Insoumise Ensemble !<\/em><\/p>\n","protected":false},"excerpt":{"rendered":"<p>Novembre 2020. Le groupe Villeurbanne Insoumise Ensemble ! est fier de s\u2019associer \u00e0 la demande de moratoire sur la 5G port\u00e9e par des \u00e9lus de toute la France et par notre maire, C\u00e9dric Van Styvendael. Cette technologie pose de nombreux probl\u00e8mes : potentiellement dangereuse pour la sant\u00e9, anti-d\u00e9mocratique, anti-\u00e9cologique, elle m\u00e9riterait un large d\u00e9bat national&#8230;.<\/p>\n","protected":false},"author":1,"featured_media":0,"comment_status":"open","ping_status":"open","sticky":false,"template":"","format":"standard","meta":[],"categories":[18,17],"tags":[86],"_links":{"self":[{"href":"https:\/\/villeurbanne-insoumise-ensemble.fr\/index.php?rest_route=\/wp\/v2\/posts\/103"}],"collection":[{"href":"https:\/\/villeurbanne-insoumise-ensemble.fr\/index.php?rest_route=\/wp\/v2\/posts"}],"about":[{"href":"https:\/\/villeurbanne-insoumise-ensemble.fr\/index.php?rest_route=\/wp\/v2\/types\/post"}],"author":[{"embeddable":true,"href":"https:\/\/villeurbanne-insoumise-ensemble.fr\/index.php?rest_route=\/wp\/v2\/users\/1"}],"replies":[{"embeddable":true,"href":"https:\/\/villeurbanne-insoumise-ensemble.fr\/index.php?rest_route=%2Fwp%2Fv2%2Fcomments&post=103"}],"version-history":[{"count":1,"href":"https:\/\/villeurbanne-insoumise-ensemble.fr\/index.php?rest_route=\/wp\/v2\/posts\/103\/revisions"}],"predecessor-version":[{"id":104,"href":"https:\/\/villeurbanne-insoumise-ensemble.fr\/index.php?rest_route=\/wp\/v2\/posts\/103\/revisions\/104"}],"wp:attachment":[{"href":"https:\/\/villeurbanne-insoumise-ensemble.fr\/index.php?rest_route=%2Fwp%2Fv2%2Fmedia&parent=103"}],"wp:term":[{"taxonomy":"category","embeddable":true,"href":"https:\/\/villeurbanne-insoumise-ensemble.fr\/index.php?rest_route=%2Fwp%2Fv2%2Fcategories&post=103"},{"taxonomy":"post_tag","embeddable":true,"href":"https:\/\/villeurbanne-insoumise-ensemble.fr\/index.php?rest_route=%2Fwp%2Fv2%2Ftags&post=103"}],"curies":[{"name":"wp","href":"https:\/\/api.w.org\/{rel}","templated":true}]}}