{"id":1010,"date":"2022-02-28T22:05:00","date_gmt":"2022-02-28T21:05:00","guid":{"rendered":"https:\/\/villeurbanne-insoumise-ensemble.fr\/?p=1010"},"modified":"2023-11-22T16:20:51","modified_gmt":"2023-11-22T15:20:51","slug":"presentation-de-laccueil-dune-troupe-de-theatre-afghane","status":"publish","type":"post","link":"https:\/\/villeurbanne-insoumise-ensemble.fr\/?p=1010","title":{"rendered":"Pr\u00e9sentation de l&#8217;accueil d&#8217;une troupe de th\u00e9\u00e2tre afghane"},"content":{"rendered":"\n<p><em>Par Mathieu Garabedian<\/em><\/p>\n\n\n\n<figure class=\"wp-block-embed is-type-video is-provider-youtube wp-block-embed-youtube wp-embed-aspect-16-9 wp-has-aspect-ratio\"><div class=\"wp-block-embed__wrapper\">\n<iframe loading=\"lazy\" title=\"Mathieu GARABEDIAN - Pr\u00e9sentation de l&#039;accueil d&#039;une troupe de th\u00e9\u00e2tre afghane\" width=\"640\" height=\"360\" src=\"https:\/\/www.youtube.com\/embed\/Iu_tVG0RuIA?feature=oembed\" frameborder=\"0\" allow=\"accelerometer; autoplay; clipboard-write; encrypted-media; gyroscope; picture-in-picture\" allowfullscreen><\/iframe>\n<\/div><\/figure>\n\n\n\n<p>C\u2019est vrai que c\u2019est moi qui ai l\u2019honneur de pr\u00e9senter ce rapport que nous avons suivi avec St\u00e9phane Frioux et qui a surtout \u00e9t\u00e9 port\u00e9 par les services en plein c\u0153ur de l\u2019\u00e9t\u00e9, dans l\u2019urgence, et qui ont r\u00e9ussi \u00e0 trouver des solutions. J\u2019en profite aussi pour saluer mes coll\u00e8gues Agathe Fort, Antoine Pelc\u00e9 et Ikhlef Chikh avec lesquels nous travaillons sur les questions d\u2019hospitalit\u00e9 et d\u2019accueil. Je rappelle que Villeurbanne fait partie des villes et territoires accueillants de France, et comme le disait monsieur le maire dans son introduction, ce rapport raisonne beaucoup avec l\u2019actualit\u00e9, avec la guerre.<\/p>\n\n\n\n<p>Je rappelle que c\u2019est un rapport qui fait \u00e9tat de l\u2019arriv\u00e9e d\u2019une troupe afghane, arriv\u00e9e suite \u00e0 la prise du pouvoir des talibans en Afghanistan. Et \u00e7a permet de montrer les effets de la guerre sur l\u2019exil, sur les populations, et malheureusement ce ne sont pas les seules causes d\u2019exil.<\/p>\n\n\n\n<p>Il s\u2019agit d\u2019un rapport qui pr\u00e9sente le partenariat entre la ville de Villeurbanne, qui s\u2019est engag\u00e9e d\u00e8s cet \u00e9t\u00e9 \u00e0 trouver des h\u00e9bergements pour cette troupe, qui s\u2019appelle les <em>Kabul Girls Theater<\/em>, et qui a \u00e9t\u00e9 accueillie par le Th\u00e9\u00e2tre national populaire de Villeurbanne, le Th\u00e9\u00e2tre nouvelle g\u00e9n\u00e9ration de Lyon, et qui depuis leur arriv\u00e9e travaillent sur des cr\u00e9ations th\u00e9\u00e2trales, des expositions photo. Et donc nous vous proposons avec ce rapport de poursuivre ce partenariat.\u00a0<\/p>\n","protected":false},"excerpt":{"rendered":"<p>Par Mathieu Garabedian C\u2019est vrai que c\u2019est moi qui ai l\u2019honneur de pr\u00e9senter ce rapport que nous avons suivi avec St\u00e9phane Frioux et qui a surtout \u00e9t\u00e9 port\u00e9 par les services en plein c\u0153ur de l\u2019\u00e9t\u00e9, dans l\u2019urgence, et qui ont r\u00e9ussi \u00e0 trouver des solutions. J\u2019en profite aussi pour saluer mes coll\u00e8gues Agathe Fort,&#8230;<\/p>\n","protected":false},"author":1,"featured_media":0,"comment_status":"open","ping_status":"open","sticky":false,"template":"","format":"standard","meta":[],"categories":[161,7],"tags":[54,76],"_links":{"self":[{"href":"https:\/\/villeurbanne-insoumise-ensemble.fr\/index.php?rest_route=\/wp\/v2\/posts\/1010"}],"collection":[{"href":"https:\/\/villeurbanne-insoumise-ensemble.fr\/index.php?rest_route=\/wp\/v2\/posts"}],"about":[{"href":"https:\/\/villeurbanne-insoumise-ensemble.fr\/index.php?rest_route=\/wp\/v2\/types\/post"}],"author":[{"embeddable":true,"href":"https:\/\/villeurbanne-insoumise-ensemble.fr\/index.php?rest_route=\/wp\/v2\/users\/1"}],"replies":[{"embeddable":true,"href":"https:\/\/villeurbanne-insoumise-ensemble.fr\/index.php?rest_route=%2Fwp%2Fv2%2Fcomments&post=1010"}],"version-history":[{"count":1,"href":"https:\/\/villeurbanne-insoumise-ensemble.fr\/index.php?rest_route=\/wp\/v2\/posts\/1010\/revisions"}],"predecessor-version":[{"id":1011,"href":"https:\/\/villeurbanne-insoumise-ensemble.fr\/index.php?rest_route=\/wp\/v2\/posts\/1010\/revisions\/1011"}],"wp:attachment":[{"href":"https:\/\/villeurbanne-insoumise-ensemble.fr\/index.php?rest_route=%2Fwp%2Fv2%2Fmedia&parent=1010"}],"wp:term":[{"taxonomy":"category","embeddable":true,"href":"https:\/\/villeurbanne-insoumise-ensemble.fr\/index.php?rest_route=%2Fwp%2Fv2%2Fcategories&post=1010"},{"taxonomy":"post_tag","embeddable":true,"href":"https:\/\/villeurbanne-insoumise-ensemble.fr\/index.php?rest_route=%2Fwp%2Fv2%2Ftags&post=1010"}],"curies":[{"name":"wp","href":"https:\/\/api.w.org\/{rel}","templated":true}]}}