{"id":101,"date":"2020-10-01T14:54:02","date_gmt":"2020-10-01T12:54:02","guid":{"rendered":"http:\/\/villeurbanne-insoumise-ensemble.fr\/?p=101"},"modified":"2023-11-22T15:31:34","modified_gmt":"2023-11-22T14:31:34","slug":"une-rentree-presque-parfaite","status":"publish","type":"post","link":"https:\/\/villeurbanne-insoumise-ensemble.fr\/?p=101","title":{"rendered":"Une rentr\u00e9e presque parfaite !"},"content":{"rendered":"\n<p><em>Octobre 2020.<\/em><\/p>\n\n\n\n<p>Le groupe Villeurbanne Insoumise Ensemble ! souhaite une bonne rentr\u00e9e scolaire aux enfants, enseignants et personnels de Villeurbanne. Nous sommes heureux devoir les enfants retourner \u00e0 l\u2019\u00e9cole, malgr\u00e9 les conditions difficiles li\u00e9es \u00e0 l\u2019\u00e9pid\u00e9mie du Covid-19 et nous remercions l\u2019ensemble du personnel qui se mobilise chaque jour pour garantir les meilleures conditions d\u2019apprentissage et d\u2019instruction \u00e0 nos enfants. L\u2019\u00e9ducation est un droit fondamental et nous d\u00e9fendons une \u00e9cole qui permet l\u2019\u00e9mancipation individuelle et collective dans l\u2019objectif d\u2019\u00e9duquer des consciences libres et autonomes.<\/p>\n\n\n\n<p>Malheureusement, tous les enfants n\u2019ont pas eu la chance de conna\u00eetre la rentr\u00e9e. Comme chaque ann\u00e9e, des milliers d\u2019enfants en situation de handicap restent exclus de l\u2019\u00e9cole du fait du manque de moyen mis en \u0153uvre pour pouvoir les accueillir. R\u00e9sultat, soit les enfants sont compl\u00e9tement d\u00e9scolaris\u00e9s, soit ils sont scolaris\u00e9s \u00e0 temps partiel, quelques heures par semaine, ce qui ne constitue pas une r\u00e9ponse satisfaisante. <\/p>\n\n\n\n<p>Aujourd\u2019hui, les d\u00e9lais pour obtenir une place en Institut M\u00e9dico-\u00e9ducatif (IME) se comptent en ann\u00e9e&#8230; L\u2019\u00e9cole \u00e0 la maison n\u2019\u00e9tait pas une solution simple \u00e0 g\u00e9rer pour les familles, mais elle l\u2019est encore moins pour celles avec des enfants en situation de handicap, qui vivent en quelque sorte un confinement depuis de nombreuses ann\u00e9es.<\/p>\n\n\n\n<p>Nous devons collectivement faire plus pour soutenir leurs aidants dans leur combat et \u00e9viter que leurs enfants soient exclus et en rupture totale avec le reste de la soci\u00e9t\u00e9.<\/p>\n\n\n\n<p> Les mesures \u00e0 prendre d\u00e9passent largement la ville de Villeurbanne mais nous pouvons agir localement pour, par exemple, sensibiliser au handicap \u00e0 l\u2019\u00e9cole, garantir une continuit\u00e9 d\u2019accueil entre les temps scolaires et les temps d\u2019accueil de loisirs des \u00e9l\u00e8ves handicap\u00e9s, former le personnel \u00e9ducatif aux sp\u00e9cificit\u00e9s des \u00e9l\u00e8ves handicap\u00e9s, adapter l\u2019environnement scolaire afin d\u2019offrir les meilleures conditions d\u2019accueil aux enfants handicap\u00e9s.<\/p>\n\n\n\n<p><em>Les \u00e9lu.es du groupe Villeurbanne Insoumise Ensemble !<\/em><\/p>\n","protected":false},"excerpt":{"rendered":"<p>Octobre 2020. Le groupe Villeurbanne Insoumise Ensemble ! souhaite une bonne rentr\u00e9e scolaire aux enfants, enseignants et personnels de Villeurbanne. Nous sommes heureux devoir les enfants retourner \u00e0 l\u2019\u00e9cole, malgr\u00e9 les conditions difficiles li\u00e9es \u00e0 l\u2019\u00e9pid\u00e9mie du Covid-19 et nous remercions l\u2019ensemble du personnel qui se mobilise chaque jour pour garantir les meilleures conditions d\u2019apprentissage&#8230;<\/p>\n","protected":false},"author":1,"featured_media":0,"comment_status":"open","ping_status":"open","sticky":false,"template":"","format":"standard","meta":[],"categories":[18,17],"tags":[79,43],"_links":{"self":[{"href":"https:\/\/villeurbanne-insoumise-ensemble.fr\/index.php?rest_route=\/wp\/v2\/posts\/101"}],"collection":[{"href":"https:\/\/villeurbanne-insoumise-ensemble.fr\/index.php?rest_route=\/wp\/v2\/posts"}],"about":[{"href":"https:\/\/villeurbanne-insoumise-ensemble.fr\/index.php?rest_route=\/wp\/v2\/types\/post"}],"author":[{"embeddable":true,"href":"https:\/\/villeurbanne-insoumise-ensemble.fr\/index.php?rest_route=\/wp\/v2\/users\/1"}],"replies":[{"embeddable":true,"href":"https:\/\/villeurbanne-insoumise-ensemble.fr\/index.php?rest_route=%2Fwp%2Fv2%2Fcomments&post=101"}],"version-history":[{"count":1,"href":"https:\/\/villeurbanne-insoumise-ensemble.fr\/index.php?rest_route=\/wp\/v2\/posts\/101\/revisions"}],"predecessor-version":[{"id":102,"href":"https:\/\/villeurbanne-insoumise-ensemble.fr\/index.php?rest_route=\/wp\/v2\/posts\/101\/revisions\/102"}],"wp:attachment":[{"href":"https:\/\/villeurbanne-insoumise-ensemble.fr\/index.php?rest_route=%2Fwp%2Fv2%2Fmedia&parent=101"}],"wp:term":[{"taxonomy":"category","embeddable":true,"href":"https:\/\/villeurbanne-insoumise-ensemble.fr\/index.php?rest_route=%2Fwp%2Fv2%2Fcategories&post=101"},{"taxonomy":"post_tag","embeddable":true,"href":"https:\/\/villeurbanne-insoumise-ensemble.fr\/index.php?rest_route=%2Fwp%2Fv2%2Ftags&post=101"}],"curies":[{"name":"wp","href":"https:\/\/api.w.org\/{rel}","templated":true}]}}