{"id":1005,"date":"2022-02-28T21:56:00","date_gmt":"2022-02-28T20:56:00","guid":{"rendered":"https:\/\/villeurbanne-insoumise-ensemble.fr\/?p=1005"},"modified":"2023-11-22T16:20:22","modified_gmt":"2023-11-22T15:20:22","slug":"1005","status":"publish","type":"post","link":"https:\/\/villeurbanne-insoumise-ensemble.fr\/?p=1005","title":{"rendered":"La ZFE sans aides et alternatives efficaces serait la double peine !"},"content":{"rendered":"\n<p><em>Par Agathe Fort<\/em><\/p>\n\n\n\n<figure class=\"wp-block-embed is-type-video is-provider-youtube wp-block-embed-youtube wp-embed-aspect-16-9 wp-has-aspect-ratio\"><div class=\"wp-block-embed__wrapper\">\n<iframe loading=\"lazy\" title=\"Agathe FORT - La ZFE sans aides et alternatives efficaces serait la double peine !\" width=\"640\" height=\"360\" src=\"https:\/\/www.youtube.com\/embed\/LDngGg3LH_E?feature=oembed\" frameborder=\"0\" allow=\"accelerometer; autoplay; clipboard-write; encrypted-media; gyroscope; picture-in-picture\" allowfullscreen><\/iframe>\n<\/div><\/figure>\n\n\n\n<p>Nous allons voter pour cet avis de la ville ; nous comptons sur nos coll\u00e8gues m\u00e9tropolitains pour que les r\u00e9serves et remarques que nous faisons ensemble sur ce projet de ZFE soient bien prises en compte. Nous sommes contents que le groupe les \u00e9cologistes, majoritaire \u00e0 la M\u00e9tropole, vote cet avis, ce qui permettra on l&#8217;esp\u00e8re de faire int\u00e9grer nos mesures propos\u00e9es. Nous partageons bien les interrogations et propositions \u00e9mises dans l\u2019avis, notamment sur les mesures d\u2019accompagnement.&nbsp;<\/p>\n\n\n\n<p>Ces mesures doivent emp\u00eacher l\u2019augmentation de la s\u00e9gr\u00e9gation socio-spatiale. Quand on regarde les cartes qui montrent la r\u00e9partition des v\u00e9hicules en fonction de leur vignette Crit\u2019Air, le constat est \u00e9vident : ce sont les communes dont les populations sont les plus pauvres qui ont aussi le plus grand nombre de vieilles voitures. Pour ces personnes, l\u2019amplification de la ZFE sans aides et alternatives efficaces pourrait se transformer en double peine : pauvret\u00e9 et immobilisme contraint.&nbsp;&nbsp;<\/p>\n\n\n\n<p>Ceci \u00e9tant dit, listons quelques actions indispensables :<\/p>\n\n\n\n<ul><li>Rendre tous les habitants et habitantes de la m\u00e9tropole \u00e9ligibles aux aides. Il n\u2019y a pas que les personnes qui travaillent ou habitent dans le p\u00e9rim\u00e8tre ZFE qui ont besoin d\u2019y aller ou de le traverser.<\/li><\/ul>\n\n\n\n<ul><li>Rendre le syst\u00e8me d\u2019aides financi\u00e8res proportionnel aux revenus. Actuellement, il fonctionne par tranches, ce qui va cr\u00e9er des effets de seuil : \u00e0 1\u20ac de revenu pr\u00e8s, on n\u2019aurait pas droit aux m\u00eames montants d\u2019aides !<\/li><\/ul>\n\n\n\n<ul><li>L\u2019augmentation du budget consacr\u00e9 \u00e0 ces aides. Nous le trouvons trop faible au vu des besoins anticip\u00e9s. Il faudrait le multiplier par trois. L\u2019\u00e9cologie sociale a un co\u00fbt\u2026<\/li><\/ul>\n\n\n\n<ul><li>Et enfin, une mesure qui n\u2019est pas reprise dans l\u2019avis de la ville mais qui \u00e9tait bien dans le programme de Villeurbanne en commun ! : la gratuit\u00e9 progressive des transports en commun.&nbsp;<\/li><\/ul>\n\n\n\n<p>Je termine en pr\u00e9cisant que la ZFE dans sa forme actuelle est vectrice d\u2019in\u00e9galit\u00e9s sociales. La preuve en est que nous devons imaginer tout une batterie de mesures accompagnatrices pour ne pas exclure encore plus les plus fragiles, alors m\u00eame que nous ne sommes pas capables d\u2019exclure de la zone des voitures r\u00e9centes mais polluantes, comme les SUV. \u00c0 l\u2019\u00e9chelle nationale, il faudrait refondre compl\u00e8tement ce dispositif. Pour \u00eatre accept\u00e9e, l\u2019\u00e9cologie doit \u00eatre juste !<\/p>\n","protected":false},"excerpt":{"rendered":"<p>Par Agathe Fort Nous allons voter pour cet avis de la ville ; nous comptons sur nos coll\u00e8gues m\u00e9tropolitains pour que les r\u00e9serves et remarques que nous faisons ensemble sur ce projet de ZFE soient bien prises en compte. Nous sommes contents que le groupe les \u00e9cologistes, majoritaire \u00e0 la M\u00e9tropole, vote cet avis, ce&#8230;<\/p>\n","protected":false},"author":1,"featured_media":0,"comment_status":"open","ping_status":"open","sticky":false,"template":"","format":"standard","meta":[],"categories":[161,7],"tags":[77,186],"_links":{"self":[{"href":"https:\/\/villeurbanne-insoumise-ensemble.fr\/index.php?rest_route=\/wp\/v2\/posts\/1005"}],"collection":[{"href":"https:\/\/villeurbanne-insoumise-ensemble.fr\/index.php?rest_route=\/wp\/v2\/posts"}],"about":[{"href":"https:\/\/villeurbanne-insoumise-ensemble.fr\/index.php?rest_route=\/wp\/v2\/types\/post"}],"author":[{"embeddable":true,"href":"https:\/\/villeurbanne-insoumise-ensemble.fr\/index.php?rest_route=\/wp\/v2\/users\/1"}],"replies":[{"embeddable":true,"href":"https:\/\/villeurbanne-insoumise-ensemble.fr\/index.php?rest_route=%2Fwp%2Fv2%2Fcomments&post=1005"}],"version-history":[{"count":2,"href":"https:\/\/villeurbanne-insoumise-ensemble.fr\/index.php?rest_route=\/wp\/v2\/posts\/1005\/revisions"}],"predecessor-version":[{"id":1007,"href":"https:\/\/villeurbanne-insoumise-ensemble.fr\/index.php?rest_route=\/wp\/v2\/posts\/1005\/revisions\/1007"}],"wp:attachment":[{"href":"https:\/\/villeurbanne-insoumise-ensemble.fr\/index.php?rest_route=%2Fwp%2Fv2%2Fmedia&parent=1005"}],"wp:term":[{"taxonomy":"category","embeddable":true,"href":"https:\/\/villeurbanne-insoumise-ensemble.fr\/index.php?rest_route=%2Fwp%2Fv2%2Fcategories&post=1005"},{"taxonomy":"post_tag","embeddable":true,"href":"https:\/\/villeurbanne-insoumise-ensemble.fr\/index.php?rest_route=%2Fwp%2Fv2%2Ftags&post=1005"}],"curies":[{"name":"wp","href":"https:\/\/api.w.org\/{rel}","templated":true}]}}