{"id":1003,"date":"2022-02-28T21:52:00","date_gmt":"2022-02-28T20:52:00","guid":{"rendered":"https:\/\/villeurbanne-insoumise-ensemble.fr\/?p=1003"},"modified":"2023-11-22T16:19:45","modified_gmt":"2023-11-22T15:19:45","slug":"les-cameras-de-surveillance-ne-font-que-deplacer-les-problemes","status":"publish","type":"post","link":"https:\/\/villeurbanne-insoumise-ensemble.fr\/?p=1003","title":{"rendered":"Les cam\u00e9ras de surveillance ne font que d\u00e9placer les probl\u00e8mes !"},"content":{"rendered":"\n<p><em>Par Danielle Carasco<\/em><\/p>\n\n\n\n<figure class=\"wp-block-embed is-type-video is-provider-youtube wp-block-embed-youtube wp-embed-aspect-16-9 wp-has-aspect-ratio\"><div class=\"wp-block-embed__wrapper\">\n<iframe loading=\"lazy\" title=\"Danielle CARASCO - Les cam\u00e9ras de surveillance ne font que d\u00e9placer les probl\u00e8mes !\" width=\"640\" height=\"360\" src=\"https:\/\/www.youtube.com\/embed\/hPuxCZs1BoM?feature=oembed\" frameborder=\"0\" allow=\"accelerometer; autoplay; clipboard-write; encrypted-media; gyroscope; picture-in-picture\" allowfullscreen><\/iframe>\n<\/div><\/figure>\n\n\n\n<p>Cette d\u00e9lib\u00e9ration est r\u00e9dig\u00e9e en deux parties. La premi\u00e8re porte sur la strat\u00e9gie territoriale de s\u00e9curit\u00e9 et de pr\u00e9vention de la d\u00e9linquance, qui nous para\u00eet aller dans le bon sens puisqu\u2019elle \u00e9voque la pr\u00e9vention et l\u2019insertion. Nous\u00a0 appr\u00e9cions l&#8217;ensemble du\u00a0 texte, tr\u00e8s complet et pour sa\u00a0 qualit\u00e9, hormis l&#8217;objectif n\u00b0 2 de l&#8217;axe de travail 1 qui va \u00e9largir et coordonner l&#8217;utilisation des cam\u00e9ras de vid\u00e9oprotection . La deuxi\u00e8me partie est donc la demande de financements \u00e0 l\u2019Etat pour installer des cam\u00e9ras de surveillance sur certains boulevards. C\u2019est sur cette demande de financements pour de la vid\u00e9osurveillance que nous devons voter ce soir.\u00a0<\/p>\n\n\n\n<p>Nous l&#8217;avons d\u00e9j\u00e0 dit dans notre tribune du VIVA, nous le r\u00e9p\u00e9tons ce soir. Les cam\u00e9ras de surveillance ne font que d\u00e9placer les probl\u00e8mes. Le <em>dealer<\/em> ira trafiquer dans la rue d\u2019\u00e0 c\u00f4t\u00e9 ; le chauffeur ira garer sa camionnette plus loin. L\u2019\u00e9tude la plus r\u00e9cente sur l\u2019efficacit\u00e9 de ces cam\u00e9ras date de d\u00e9cembre 2021 \u00e0 Grenoble. Elle a montr\u00e9 que sur 1 939 enqu\u00eates, seules 1,1% \u00e9taient \u00e9lucid\u00e9es gr\u00e2ce \u00e0 la vid\u00e9osurveillance.\u00a0\u00a0Chers coll\u00e8gues, il y a un peu plus d\u2019un an, notre majorit\u00e9 a particip\u00e9 \u00e0 une r\u00e9union o\u00f9 nous avions invit\u00e9 S\u00e9bastian Roch\u00e9, directeur de recherche au CNRS et sp\u00e9cialis\u00e9 sur les questions de d\u00e9linquance et d\u2019ins\u00e9curit\u00e9. Nous rappelons ici l\u2019un des \u00e9claircissements qu&#8217;il nous a apport\u00e9 : il faut cesser de confondre les outils et les situations qu\u2019ils sont cens\u00e9s r\u00e9gler. Le <em>deal<\/em>, c\u2019est un probl\u00e8me \u00e9conomique et social ; les personnes mal stationn\u00e9es, c\u2019est un probl\u00e8me social et un probl\u00e8me de mobilit\u00e9. Bien poser les probl\u00e8mes, c\u2019est d\u00e9j\u00e0 commencer \u00e0 mieux y r\u00e9pondre !\u00a0<\/p>\n\n\n\n<p>R\u00e9primer n\u2019est donc pas suffisant, il faut surtout pr\u00e9venir et cr\u00e9er de la solidarit\u00e9 ! Si pour r\u00e9gler les probl\u00e8mes de s\u00e9curit\u00e9 routi\u00e8re, on n\u2019avait utilis\u00e9 que des radars et la gendarmerie, sans que les passagers n&#8217;aient de ceinture de s\u00e9curit\u00e9 et d&#8217;airbags, ou de panneaux sur le bord de la route, nous serions beaucoup moins efficaces qu\u2019aujourd\u2019hui pour pr\u00e9venir les accidents. Bien s\u00fbr, la pr\u00e9vention est s\u00fbrement moins voyante \u00e0 court terme, mais elle est plus efficace \u00e0 long terme. Nous pensons que l\u2019argent public serait mieux utilis\u00e9 pour d\u00e9velopper davantage l&#8217;axe de travail n\u00b03, \u00e0 savoir renforcer la pr\u00e9sence sociale et l&#8217;animation, au c\u0153ur des quartiers, augmenter le nombre d&#8217;intervenants sociaux dans les espaces ouverts au public.<\/p>\n\n\n\n<p>Dans quel monde veut-on vivre ? Prenons un peu de hauteur. La loi s\u00e9curit\u00e9 globale, le projet de cam\u00e9ras \u00e0 reconnaissance faciale port\u00e9 par Laurent Wauquiez \u00e0 la r\u00e9gion : nous sommes dans une pente de plus en plus technophile, s\u00e9curitaire et liberticide. Est-ce que nous voulons vraiment ajouter notre pierre \u00e0 cet \u00e9difice ? Que fait-on de la libert\u00e9 de circuler sans \u00eatre film\u00e9 ? Quel monde voulons-nous ?\u00a0<\/p>\n\n\n\n<p>Nous sommes favorables \u00e0 la strat\u00e9gie territoriale de s\u00e9curit\u00e9 et de pr\u00e9vention de la d\u00e9linquance qui est pr\u00e9sent\u00e9e dans la d\u00e9lib\u00e9ration, mais nous l&#8217;avons dit, ce soir, on nous sollicite sur une demande de financement pour de la vid\u00e9osurveillance. Nous voterons donc contre cette d\u00e9lib\u00e9ration.<\/p>\n","protected":false},"excerpt":{"rendered":"<p>Par Danielle Carasco Cette d\u00e9lib\u00e9ration est r\u00e9dig\u00e9e en deux parties. La premi\u00e8re porte sur la strat\u00e9gie territoriale de s\u00e9curit\u00e9 et de pr\u00e9vention de la d\u00e9linquance, qui nous para\u00eet aller dans le bon sens puisqu\u2019elle \u00e9voque la pr\u00e9vention et l\u2019insertion. Nous\u00a0 appr\u00e9cions l&#8217;ensemble du\u00a0 texte, tr\u00e8s complet et pour sa\u00a0 qualit\u00e9, hormis l&#8217;objectif n\u00b0 2 de&#8230;<\/p>\n","protected":false},"author":1,"featured_media":0,"comment_status":"open","ping_status":"open","sticky":false,"template":"","format":"standard","meta":[],"categories":[161,7],"tags":[184],"_links":{"self":[{"href":"https:\/\/villeurbanne-insoumise-ensemble.fr\/index.php?rest_route=\/wp\/v2\/posts\/1003"}],"collection":[{"href":"https:\/\/villeurbanne-insoumise-ensemble.fr\/index.php?rest_route=\/wp\/v2\/posts"}],"about":[{"href":"https:\/\/villeurbanne-insoumise-ensemble.fr\/index.php?rest_route=\/wp\/v2\/types\/post"}],"author":[{"embeddable":true,"href":"https:\/\/villeurbanne-insoumise-ensemble.fr\/index.php?rest_route=\/wp\/v2\/users\/1"}],"replies":[{"embeddable":true,"href":"https:\/\/villeurbanne-insoumise-ensemble.fr\/index.php?rest_route=%2Fwp%2Fv2%2Fcomments&post=1003"}],"version-history":[{"count":1,"href":"https:\/\/villeurbanne-insoumise-ensemble.fr\/index.php?rest_route=\/wp\/v2\/posts\/1003\/revisions"}],"predecessor-version":[{"id":1004,"href":"https:\/\/villeurbanne-insoumise-ensemble.fr\/index.php?rest_route=\/wp\/v2\/posts\/1003\/revisions\/1004"}],"wp:attachment":[{"href":"https:\/\/villeurbanne-insoumise-ensemble.fr\/index.php?rest_route=%2Fwp%2Fv2%2Fmedia&parent=1003"}],"wp:term":[{"taxonomy":"category","embeddable":true,"href":"https:\/\/villeurbanne-insoumise-ensemble.fr\/index.php?rest_route=%2Fwp%2Fv2%2Fcategories&post=1003"},{"taxonomy":"post_tag","embeddable":true,"href":"https:\/\/villeurbanne-insoumise-ensemble.fr\/index.php?rest_route=%2Fwp%2Fv2%2Ftags&post=1003"}],"curies":[{"name":"wp","href":"https:\/\/api.w.org\/{rel}","templated":true}]}}